{"id":1002,"date":"2025-07-03T16:07:16","date_gmt":"2025-07-03T15:07:16","guid":{"rendered":"https:\/\/www.koeln-lunke.de\/wordpress\/?p=1002"},"modified":"2025-07-03T16:07:16","modified_gmt":"2025-07-03T15:07:16","slug":"longericher-schuetzenfest","status":"publish","type":"post","link":"https:\/\/www.koeln-lunke.de\/wordpress\/2025\/07\/longericher-schuetzenfest.html","title":{"rendered":"Longericher Sch\u00fctzenfest"},"content":{"rendered":"<div id=\"koeln-2470708280\" class=\"koeln-vor-dem-inhalt koeln-entity-placement\" style=\"margin-top: 2px;margin-bottom: 5px;\"><div class=\"koeln-adlabel\">Werbung<\/div><script async src=\"\/\/pagead2.googlesyndication.com\/pagead\/js\/adsbygoogle.js?client=ca-pub-8010464134132480\" crossorigin=\"anonymous\"><\/script><ins class=\"adsbygoogle\" style=\"display:block;\" data-ad-client=\"ca-pub-8010464134132480\" \ndata-ad-slot=\"4020926907\" \ndata-ad-format=\"auto\"><\/ins>\n<script> \n(adsbygoogle = window.adsbygoogle || []).push({}); \n<\/script>\n<\/div><p>Bald ist es wieder soweit, die Longericher Sch\u00fctzen laden zum &#8211; nun ja &#8211; Sch\u00fctzenfest. Los geht es am Freitag (4.07.2025) mit der \u00fcblichen Ballerei, danach dann der traditionelle Fackelzug mit Feuerwerk und anschlie\u00dfendem <del datetime=\"2025-07-03T14:57:43+00:00\">Bes\u00e4ufnis<\/del> gepflegtem Bier (zumindest war das fr\u00fcher immer so).<\/p>\n<p>Am Samstag gibt es dann im Pfarrheim St. Dionysius den <strong>Rheinischen Abend<\/strong> und am Sonntag steht der Festumzug an, Beginn 15 Uhr, danach Kaffee und Kuchen im Pfarrheim, gefolgt von Kr\u00f6nungsmesse und Sch\u00fctzenball. <\/p>\n<p>Zum Abschlu\u00df der ganzen Festivit\u00e4ten gibt&#8217;s am darauffolgenden Montag f\u00fcr alle ab 60 ein Fr\u00fchst\u00fcck (im Pfarrheim?)<\/p>\n<p><em>Alle Angaben ohne Gew\u00e4hr<\/em><\/p>\n","protected":false},"excerpt":{"rendered":"<p>Bald ist es wieder soweit, die Longericher Sch\u00fctzen laden zum &#8211; nun ja &#8211; Sch\u00fctzenfest. Los geht es am Freitag (4.07.2025) mit der \u00fcblichen Ballerei, danach dann der traditionelle Fackelzug mit Feuerwerk und anschlie\u00dfendem Bes\u00e4ufnis gepflegtem Bier (zumindest war das fr\u00fcher immer so). Am Samstag gibt es dann im Pfarrheim St. Dionysius den Rheinischen Abend und am Sonntag steht der Festumzug an, Beginn 15 Uhr, danach Kaffee und Kuchen im Pfarrheim, gefolgt von Kr\u00f6nungsmesse und Sch\u00fctzenball. Zum Abschlu\u00df der ganzen<\/p>\n","protected":false},"author":1,"featured_media":0,"comment_status":"open","ping_status":"open","sticky":false,"template":"","format":"standard","meta":{"footnotes":""},"categories":[4],"tags":[43,78,187,50],"class_list":["post-1002","post","type-post","status-publish","format-standard","hentry","category-longerich","tag-dionysius","tag-longerich","tag-schuetzenfest","tag-termine"],"_links":{"self":[{"href":"https:\/\/www.koeln-lunke.de\/wordpress\/wp-json\/wp\/v2\/posts\/1002","targetHints":{"allow":["GET"]}}],"collection":[{"href":"https:\/\/www.koeln-lunke.de\/wordpress\/wp-json\/wp\/v2\/posts"}],"about":[{"href":"https:\/\/www.koeln-lunke.de\/wordpress\/wp-json\/wp\/v2\/types\/post"}],"author":[{"embeddable":true,"href":"https:\/\/www.koeln-lunke.de\/wordpress\/wp-json\/wp\/v2\/users\/1"}],"replies":[{"embeddable":true,"href":"https:\/\/www.koeln-lunke.de\/wordpress\/wp-json\/wp\/v2\/comments?post=1002"}],"version-history":[{"count":2,"href":"https:\/\/www.koeln-lunke.de\/wordpress\/wp-json\/wp\/v2\/posts\/1002\/revisions"}],"predecessor-version":[{"id":1004,"href":"https:\/\/www.koeln-lunke.de\/wordpress\/wp-json\/wp\/v2\/posts\/1002\/revisions\/1004"}],"wp:attachment":[{"href":"https:\/\/www.koeln-lunke.de\/wordpress\/wp-json\/wp\/v2\/media?parent=1002"}],"wp:term":[{"taxonomy":"category","embeddable":true,"href":"https:\/\/www.koeln-lunke.de\/wordpress\/wp-json\/wp\/v2\/categories?post=1002"},{"taxonomy":"post_tag","embeddable":true,"href":"https:\/\/www.koeln-lunke.de\/wordpress\/wp-json\/wp\/v2\/tags?post=1002"}],"curies":[{"name":"wp","href":"https:\/\/api.w.org\/{rel}","templated":true}]}}