{"id":136,"date":"2010-07-02T15:13:19","date_gmt":"2010-07-02T14:13:19","guid":{"rendered":"http:\/\/www.koeln-lunke.de\/wordpress\/?p=136"},"modified":"2010-07-02T15:13:19","modified_gmt":"2010-07-02T14:13:19","slug":"probealarm-in-koln-3-07-2010","status":"publish","type":"post","link":"https:\/\/www.koeln-lunke.de\/wordpress\/2010\/07\/probealarm-in-koln-3-07-2010.html","title":{"rendered":"Probealarm in K\u00f6ln 3.07.2010"},"content":{"rendered":"<div id=\"koeln-698167856\" class=\"koeln-vor-dem-inhalt koeln-entity-placement\" style=\"margin-top: 2px;margin-bottom: 5px;\"><div class=\"koeln-adlabel\">Werbung<\/div><script async src=\"\/\/pagead2.googlesyndication.com\/pagead\/js\/adsbygoogle.js?client=ca-pub-8010464134132480\" crossorigin=\"anonymous\"><\/script><ins class=\"adsbygoogle\" style=\"display:block;\" data-ad-client=\"ca-pub-8010464134132480\" \ndata-ad-slot=\"4020926907\" \ndata-ad-format=\"auto\"><\/ins>\n<script> \n(adsbygoogle = window.adsbygoogle || []).push({}); \n<\/script>\n<\/div><p>Alle paar Monate wird in den Regierungsbezirken K\u00f6ln und D\u00fcsseldorf Probealarm ausgel\u00f6st.<\/p>\n<p>Morgen ist es wieder einmal soweit, zum Mittag heulen die Sirenen.<\/p>\n","protected":false},"excerpt":{"rendered":"<p>Alle paar Monate wird in den Regierungsbezirken K\u00f6ln und D\u00fcsseldorf Probealarm ausgel\u00f6st. Morgen ist es wieder einmal soweit, zum Mittag heulen die Sirenen.<\/p>\n","protected":false},"author":1,"featured_media":0,"comment_status":"open","ping_status":"open","sticky":false,"template":"","format":"standard","meta":{"footnotes":""},"categories":[18],"tags":[80],"class_list":["post-136","post","type-post","status-publish","format-standard","hentry","category-koln","tag-koln"],"_links":{"self":[{"href":"https:\/\/www.koeln-lunke.de\/wordpress\/wp-json\/wp\/v2\/posts\/136","targetHints":{"allow":["GET"]}}],"collection":[{"href":"https:\/\/www.koeln-lunke.de\/wordpress\/wp-json\/wp\/v2\/posts"}],"about":[{"href":"https:\/\/www.koeln-lunke.de\/wordpress\/wp-json\/wp\/v2\/types\/post"}],"author":[{"embeddable":true,"href":"https:\/\/www.koeln-lunke.de\/wordpress\/wp-json\/wp\/v2\/users\/1"}],"replies":[{"embeddable":true,"href":"https:\/\/www.koeln-lunke.de\/wordpress\/wp-json\/wp\/v2\/comments?post=136"}],"version-history":[{"count":1,"href":"https:\/\/www.koeln-lunke.de\/wordpress\/wp-json\/wp\/v2\/posts\/136\/revisions"}],"predecessor-version":[{"id":137,"href":"https:\/\/www.koeln-lunke.de\/wordpress\/wp-json\/wp\/v2\/posts\/136\/revisions\/137"}],"wp:attachment":[{"href":"https:\/\/www.koeln-lunke.de\/wordpress\/wp-json\/wp\/v2\/media?parent=136"}],"wp:term":[{"taxonomy":"category","embeddable":true,"href":"https:\/\/www.koeln-lunke.de\/wordpress\/wp-json\/wp\/v2\/categories?post=136"},{"taxonomy":"post_tag","embeddable":true,"href":"https:\/\/www.koeln-lunke.de\/wordpress\/wp-json\/wp\/v2\/tags?post=136"}],"curies":[{"name":"wp","href":"https:\/\/api.w.org\/{rel}","templated":true}]}}