{"id":15,"date":"2007-04-17T06:39:00","date_gmt":"2007-04-17T05:39:00","guid":{"rendered":"http:\/\/www.koeln-lunke.de\/wordpress\/2007\/04\/17\/neuer-okomarkt-im-agnesviertel\/"},"modified":"2010-03-17T13:18:03","modified_gmt":"2010-03-17T12:18:03","slug":"neuer-okomarkt-im-agnesviertel","status":"publish","type":"post","link":"https:\/\/www.koeln-lunke.de\/wordpress\/2007\/04\/neuer-okomarkt-im-agnesviertel.html","title":{"rendered":"Neuer \u00d6komarkt im Agnesviertel"},"content":{"rendered":"<div id=\"koeln-9475154\" class=\"koeln-vor-dem-inhalt koeln-entity-placement\" style=\"margin-top: 2px;margin-bottom: 5px;\"><div class=\"koeln-adlabel\">Werbung<\/div><script async src=\"\/\/pagead2.googlesyndication.com\/pagead\/js\/adsbygoogle.js?client=ca-pub-8010464134132480\" crossorigin=\"anonymous\"><\/script><ins class=\"adsbygoogle\" style=\"display:block;\" data-ad-client=\"ca-pub-8010464134132480\" \ndata-ad-slot=\"4020926907\" \ndata-ad-format=\"auto\"><\/ins>\n<script> \n(adsbygoogle = window.adsbygoogle || []).push({}); \n<\/script>\n<\/div><p>Seit l\u00e4ngerem gibt es ja den \u00d6komarkt auf dem Rudolfplatz und auch einem auf dem Kirchplatz von St. Severin.<\/p>\n<p>Nun gesellt sich im Agnesviertel ein dritter \u00d6komarkt dazu. Start ist der 19.April 2007, also in zwei Tagen am Donnerstag. Und im w\u00f6chentlichen Rhythmus jeweils Donnerstag von 8 bis 14 Uhr, so ist es jedenfalls geplant, wird er \u00f6kologisch angebaute Produkte darbieten.<\/p>\n<p>Veranstalter sind die Agrarkonzept GmbH und die K\u00f6lner Marktverwaltung.<\/p>\n<p>Da es sich um ein Pilotprojekt handelt, ist der \u00d6komarkt um Agnesviertel vorl\u00e4ufig bis zum Ende diesen Jahres angelegt.<\/p>\n<p>Also, wenn die Produkte nicht zu teuer sind, kauft reichlich, damit er am Leben bleibt!<\/p>\n","protected":false},"excerpt":{"rendered":"<p>Seit l\u00e4ngerem gibt es ja den \u00d6komarkt auf dem Rudolfplatz und auch einem auf dem Kirchplatz von St. Severin. Nun gesellt sich im Agnesviertel ein dritter \u00d6komarkt dazu. Start ist der 19.April 2007, also in zwei Tagen am Donnerstag. Und im w\u00f6chentlichen Rhythmus jeweils Donnerstag von 8 bis 14 Uhr, so ist es jedenfalls geplant, wird er \u00f6kologisch angebaute Produkte darbieten. Veranstalter sind die Agrarkonzept GmbH und die K\u00f6lner Marktverwaltung. Da es sich um ein Pilotprojekt handelt, ist der \u00d6komarkt<\/p>\n","protected":false},"author":1,"featured_media":0,"comment_status":"open","ping_status":"open","sticky":false,"template":"","format":"standard","meta":{"footnotes":""},"categories":[18],"tags":[79,81,7],"class_list":["post-15","post","type-post","status-publish","format-standard","hentry","category-koln","tag-einkaufen","tag-nippes","tag-okomarkt"],"_links":{"self":[{"href":"https:\/\/www.koeln-lunke.de\/wordpress\/wp-json\/wp\/v2\/posts\/15","targetHints":{"allow":["GET"]}}],"collection":[{"href":"https:\/\/www.koeln-lunke.de\/wordpress\/wp-json\/wp\/v2\/posts"}],"about":[{"href":"https:\/\/www.koeln-lunke.de\/wordpress\/wp-json\/wp\/v2\/types\/post"}],"author":[{"embeddable":true,"href":"https:\/\/www.koeln-lunke.de\/wordpress\/wp-json\/wp\/v2\/users\/1"}],"replies":[{"embeddable":true,"href":"https:\/\/www.koeln-lunke.de\/wordpress\/wp-json\/wp\/v2\/comments?post=15"}],"version-history":[{"count":1,"href":"https:\/\/www.koeln-lunke.de\/wordpress\/wp-json\/wp\/v2\/posts\/15\/revisions"}],"predecessor-version":[{"id":86,"href":"https:\/\/www.koeln-lunke.de\/wordpress\/wp-json\/wp\/v2\/posts\/15\/revisions\/86"}],"wp:attachment":[{"href":"https:\/\/www.koeln-lunke.de\/wordpress\/wp-json\/wp\/v2\/media?parent=15"}],"wp:term":[{"taxonomy":"category","embeddable":true,"href":"https:\/\/www.koeln-lunke.de\/wordpress\/wp-json\/wp\/v2\/categories?post=15"},{"taxonomy":"post_tag","embeddable":true,"href":"https:\/\/www.koeln-lunke.de\/wordpress\/wp-json\/wp\/v2\/tags?post=15"}],"curies":[{"name":"wp","href":"https:\/\/api.w.org\/{rel}","templated":true}]}}