{"id":167,"date":"2011-02-11T16:37:55","date_gmt":"2011-02-11T15:37:55","guid":{"rendered":"http:\/\/www.koeln-lunke.de\/wordpress\/?p=167"},"modified":"2011-02-11T16:37:55","modified_gmt":"2011-02-11T15:37:55","slug":"frikadelle-sitzung","status":"publish","type":"post","link":"https:\/\/www.koeln-lunke.de\/wordpress\/2011\/02\/frikadelle-sitzung.html","title":{"rendered":"Frikadelle Sitzung"},"content":{"rendered":"<div id=\"koeln-1459900948\" class=\"koeln-vor-dem-inhalt koeln-entity-placement\" style=\"margin-top: 2px;margin-bottom: 5px;\"><div class=\"koeln-adlabel\">Werbung<\/div><script async src=\"\/\/pagead2.googlesyndication.com\/pagead\/js\/adsbygoogle.js?client=ca-pub-8010464134132480\" crossorigin=\"anonymous\"><\/script><ins class=\"adsbygoogle\" style=\"display:block;\" data-ad-client=\"ca-pub-8010464134132480\" \ndata-ad-slot=\"4020926907\" \ndata-ad-format=\"auto\"><\/ins>\n<script> \n(adsbygoogle = window.adsbygoogle || []).push({}); \n<\/script>\n<\/div><p>Weidenpesch veranstaltet die j\u00e4hrliche Frikadelle Sitzung (die achte) am Sonntag, den 13.02.2011.<\/p>\n<p>Der Erl\u00f6s der Veranstaltung, die wie immer im Pfarrheim an der Kapuziner Stra\u00dfe stattfindet, landet ebenfalls wie immer im Topf zur Erhaltung des Pfarrheims.  <\/p>\n","protected":false},"excerpt":{"rendered":"<p>Weidenpesch veranstaltet die j\u00e4hrliche Frikadelle Sitzung (die achte) am Sonntag, den 13.02.2011. Der Erl\u00f6s der Veranstaltung, die wie immer im Pfarrheim an der Kapuziner Stra\u00dfe stattfindet, landet ebenfalls wie immer im Topf zur Erhaltung des Pfarrheims.<\/p>\n","protected":false},"author":1,"featured_media":0,"comment_status":"open","ping_status":"open","sticky":false,"template":"","format":"standard","meta":{"footnotes":""},"categories":[24],"tags":[50,54,82],"class_list":["post-167","post","type-post","status-publish","format-standard","hentry","category-weidenpesch","tag-termine","tag-veranstaltungen","tag-weidenpesch"],"_links":{"self":[{"href":"https:\/\/www.koeln-lunke.de\/wordpress\/wp-json\/wp\/v2\/posts\/167","targetHints":{"allow":["GET"]}}],"collection":[{"href":"https:\/\/www.koeln-lunke.de\/wordpress\/wp-json\/wp\/v2\/posts"}],"about":[{"href":"https:\/\/www.koeln-lunke.de\/wordpress\/wp-json\/wp\/v2\/types\/post"}],"author":[{"embeddable":true,"href":"https:\/\/www.koeln-lunke.de\/wordpress\/wp-json\/wp\/v2\/users\/1"}],"replies":[{"embeddable":true,"href":"https:\/\/www.koeln-lunke.de\/wordpress\/wp-json\/wp\/v2\/comments?post=167"}],"version-history":[{"count":2,"href":"https:\/\/www.koeln-lunke.de\/wordpress\/wp-json\/wp\/v2\/posts\/167\/revisions"}],"predecessor-version":[{"id":169,"href":"https:\/\/www.koeln-lunke.de\/wordpress\/wp-json\/wp\/v2\/posts\/167\/revisions\/169"}],"wp:attachment":[{"href":"https:\/\/www.koeln-lunke.de\/wordpress\/wp-json\/wp\/v2\/media?parent=167"}],"wp:term":[{"taxonomy":"category","embeddable":true,"href":"https:\/\/www.koeln-lunke.de\/wordpress\/wp-json\/wp\/v2\/categories?post=167"},{"taxonomy":"post_tag","embeddable":true,"href":"https:\/\/www.koeln-lunke.de\/wordpress\/wp-json\/wp\/v2\/tags?post=167"}],"curies":[{"name":"wp","href":"https:\/\/api.w.org\/{rel}","templated":true}]}}