{"id":19,"date":"2007-08-13T07:22:00","date_gmt":"2007-08-13T06:22:00","guid":{"rendered":"http:\/\/www.koeln-lunke.de\/wordpress\/2007\/08\/13\/haus-vosen-wird-adolphs\/"},"modified":"2010-03-17T13:14:47","modified_gmt":"2010-03-17T12:14:47","slug":"haus-vosen-wird-adolphs","status":"publish","type":"post","link":"https:\/\/www.koeln-lunke.de\/wordpress\/2007\/08\/haus-vosen-wird-adolphs.html","title":{"rendered":"Haus Vosen wird Adolph&#8217;s"},"content":{"rendered":"<div id=\"koeln-3373111079\" class=\"koeln-vor-dem-inhalt koeln-entity-placement\" style=\"margin-top: 2px;margin-bottom: 5px;\"><div class=\"koeln-adlabel\">Werbung<\/div><script async src=\"\/\/pagead2.googlesyndication.com\/pagead\/js\/adsbygoogle.js?client=ca-pub-8010464134132480\" crossorigin=\"anonymous\"><\/script><ins class=\"adsbygoogle\" style=\"display:block;\" data-ad-client=\"ca-pub-8010464134132480\" \ndata-ad-slot=\"4020926907\" \ndata-ad-format=\"auto\"><\/ins>\n<script> \n(adsbygoogle = window.adsbygoogle || []).push({}); \n<\/script>\n<\/div><p>Hotel Restaurant Haus Vosen in der R\u00fcdellstr. 1, 50737 K\u00f6ln Longerich, gerne genommenes Restaurant f\u00fcr Beerdigungsfeiern, stand nun einige Zeit leer, da der Inhaber aus gesundheitlichen Gr\u00fcnden &#8211; wie es hei\u00dft &#8211; aufh\u00f6ren wollte.<\/p>\n<p>Nachdem zuerst niemand so recht wu\u00dfte, wie es weitergeht, kamen dann erste Hinweise aus der \u00f6rtlichen Klatschpresse &#8211; vulgo Friz\u00f6r &#8211; eine B\u00e4ckerei hat es gekauft und der Hotelbetrieb geht weiter.<\/p>\n<p>An diesem Wochenende bzw. am Donnerstag davor war nun Er\u00f6ffnung, nachdem zuvor seit ein paar Wochen eifrig gewerkelt wurde an Haus Vosen.<\/p>\n<p>Haus Vosen wurde von einem Familienbetrieb \u00fcbernommen, der soviele B\u00e4cker und K\u00f6che aus den eigenen Reihen bzw. angeheiratet, herangez\u00fcchtet hat, da\u00df es nun mindestens noch f\u00fcr Adolph&#8217;s reicht.<\/p>\n<p>Aus Vosen wird also nun Adolph&#8217;s. B\u00e4ckerei und Bistro und Hotelbetrieb. Zum Auftakt gab es Livekonzerte in Jazz und geplant sind, wenn es ankommt, weitere Auftritte verschiedener K\u00fcnstler.<\/p>\n<p>Die vollen Tische am Wochenende in der Au\u00dfengastronomie sprachen jedenfalls schon einmal f\u00fcr sich.<\/p>\n<p>Das &#8222;Stammhaus&#8220; ist \u00fcbrigens in Weidenpesch.<\/p>\n","protected":false},"excerpt":{"rendered":"<p>Hotel Restaurant Haus Vosen in der R\u00fcdellstr. 1, 50737 K\u00f6ln Longerich, gerne genommenes Restaurant f\u00fcr Beerdigungsfeiern, stand nun einige Zeit leer, da der Inhaber aus gesundheitlichen Gr\u00fcnden &#8211; wie es hei\u00dft &#8211; aufh\u00f6ren wollte. Nachdem zuerst niemand so recht wu\u00dfte, wie es weitergeht, kamen dann erste Hinweise aus der \u00f6rtlichen Klatschpresse &#8211; vulgo Friz\u00f6r &#8211; eine B\u00e4ckerei hat es gekauft und der Hotelbetrieb geht weiter. An diesem Wochenende bzw. am Donnerstag davor war nun Er\u00f6ffnung, nachdem zuvor seit ein paar<\/p>\n","protected":false},"author":1,"featured_media":0,"comment_status":"open","ping_status":"open","sticky":false,"template":"","format":"standard","meta":{"footnotes":""},"categories":[8,4],"tags":[79,78,11],"class_list":["post-19","post","type-post","status-publish","format-standard","hentry","category-einkaufen","category-longerich","tag-einkaufen","tag-longerich","tag-restauration"],"_links":{"self":[{"href":"https:\/\/www.koeln-lunke.de\/wordpress\/wp-json\/wp\/v2\/posts\/19","targetHints":{"allow":["GET"]}}],"collection":[{"href":"https:\/\/www.koeln-lunke.de\/wordpress\/wp-json\/wp\/v2\/posts"}],"about":[{"href":"https:\/\/www.koeln-lunke.de\/wordpress\/wp-json\/wp\/v2\/types\/post"}],"author":[{"embeddable":true,"href":"https:\/\/www.koeln-lunke.de\/wordpress\/wp-json\/wp\/v2\/users\/1"}],"replies":[{"embeddable":true,"href":"https:\/\/www.koeln-lunke.de\/wordpress\/wp-json\/wp\/v2\/comments?post=19"}],"version-history":[{"count":1,"href":"https:\/\/www.koeln-lunke.de\/wordpress\/wp-json\/wp\/v2\/posts\/19\/revisions"}],"predecessor-version":[{"id":81,"href":"https:\/\/www.koeln-lunke.de\/wordpress\/wp-json\/wp\/v2\/posts\/19\/revisions\/81"}],"wp:attachment":[{"href":"https:\/\/www.koeln-lunke.de\/wordpress\/wp-json\/wp\/v2\/media?parent=19"}],"wp:term":[{"taxonomy":"category","embeddable":true,"href":"https:\/\/www.koeln-lunke.de\/wordpress\/wp-json\/wp\/v2\/categories?post=19"},{"taxonomy":"post_tag","embeddable":true,"href":"https:\/\/www.koeln-lunke.de\/wordpress\/wp-json\/wp\/v2\/tags?post=19"}],"curies":[{"name":"wp","href":"https:\/\/api.w.org\/{rel}","templated":true}]}}