{"id":202,"date":"2011-10-21T09:17:28","date_gmt":"2011-10-21T08:17:28","guid":{"rendered":"http:\/\/www.koeln-lunke.de\/wordpress\/?p=202"},"modified":"2011-10-21T09:17:28","modified_gmt":"2011-10-21T08:17:28","slug":"defekte-strasenlaternen","status":"publish","type":"post","link":"https:\/\/www.koeln-lunke.de\/wordpress\/2011\/10\/defekte-strasenlaternen.html","title":{"rendered":"Defekte Stra\u00dfenlaternen"},"content":{"rendered":"<div id=\"koeln-3806995069\" class=\"koeln-vor-dem-inhalt koeln-entity-placement\" style=\"margin-top: 2px;margin-bottom: 5px;\"><div class=\"koeln-adlabel\">Werbung<\/div><script async src=\"\/\/pagead2.googlesyndication.com\/pagead\/js\/adsbygoogle.js?client=ca-pub-8010464134132480\" crossorigin=\"anonymous\"><\/script><ins class=\"adsbygoogle\" style=\"display:block;\" data-ad-client=\"ca-pub-8010464134132480\" \ndata-ad-slot=\"4020926907\" \ndata-ad-format=\"auto\"><\/ins>\n<script> \n(adsbygoogle = window.adsbygoogle || []).push({}); \n<\/script>\n<\/div><p>Da ja immer mal wieder die eine oder andere Stra\u00dfenlaterne nicht mehr oder dauerhaft leuchtet, kann es nicht schaden, die Nummer der St\u00f6rungsstelle parat zu haben.<\/p>\n<p>Den Job f\u00fcr die Stadt \u00fcbernimmt, wen wundert es, die GEW, ach ne, die hei\u00dfen ja schon lange Rhein Energie, hier ist die Telefonnummer:<\/p>\n<p>0221 \/ 178-4312<\/p>\n<p>\u00dcbrigens, die St\u00f6rung an der Neusser Stra\u00dfe \/ Ecke Wilhelm-Sollmann ist bekannt, aber die Herren (und Damen?) Techniker bekommen das Problem seit zwei Wochen nicht in den Griff.<\/p>\n<p>Na, dann, hei\u00dft es wohl noch weiter im Blindflug da langmarschieren.<\/p>\n","protected":false},"excerpt":{"rendered":"<p>Da ja immer mal wieder die eine oder andere Stra\u00dfenlaterne nicht mehr oder dauerhaft leuchtet, kann es nicht schaden, die Nummer der St\u00f6rungsstelle parat zu haben. Den Job f\u00fcr die Stadt \u00fcbernimmt, wen wundert es, die GEW, ach ne, die hei\u00dfen ja schon lange Rhein Energie, hier ist die Telefonnummer: 0221 \/ 178-4312 \u00dcbrigens, die St\u00f6rung an der Neusser Stra\u00dfe \/ Ecke Wilhelm-Sollmann ist bekannt, aber die Herren (und Damen?) Techniker bekommen das Problem seit zwei Wochen nicht in den<\/p>\n","protected":false},"author":1,"featured_media":0,"comment_status":"open","ping_status":"open","sticky":false,"template":"","format":"standard","meta":{"footnotes":""},"categories":[4],"tags":[61,60],"class_list":["post-202","post","type-post","status-publish","format-standard","hentry","category-longerich","tag-laternen","tag-strasenlaternen"],"_links":{"self":[{"href":"https:\/\/www.koeln-lunke.de\/wordpress\/wp-json\/wp\/v2\/posts\/202","targetHints":{"allow":["GET"]}}],"collection":[{"href":"https:\/\/www.koeln-lunke.de\/wordpress\/wp-json\/wp\/v2\/posts"}],"about":[{"href":"https:\/\/www.koeln-lunke.de\/wordpress\/wp-json\/wp\/v2\/types\/post"}],"author":[{"embeddable":true,"href":"https:\/\/www.koeln-lunke.de\/wordpress\/wp-json\/wp\/v2\/users\/1"}],"replies":[{"embeddable":true,"href":"https:\/\/www.koeln-lunke.de\/wordpress\/wp-json\/wp\/v2\/comments?post=202"}],"version-history":[{"count":2,"href":"https:\/\/www.koeln-lunke.de\/wordpress\/wp-json\/wp\/v2\/posts\/202\/revisions"}],"predecessor-version":[{"id":204,"href":"https:\/\/www.koeln-lunke.de\/wordpress\/wp-json\/wp\/v2\/posts\/202\/revisions\/204"}],"wp:attachment":[{"href":"https:\/\/www.koeln-lunke.de\/wordpress\/wp-json\/wp\/v2\/media?parent=202"}],"wp:term":[{"taxonomy":"category","embeddable":true,"href":"https:\/\/www.koeln-lunke.de\/wordpress\/wp-json\/wp\/v2\/categories?post=202"},{"taxonomy":"post_tag","embeddable":true,"href":"https:\/\/www.koeln-lunke.de\/wordpress\/wp-json\/wp\/v2\/tags?post=202"}],"curies":[{"name":"wp","href":"https:\/\/api.w.org\/{rel}","templated":true}]}}