{"id":22,"date":"2007-10-10T08:03:00","date_gmt":"2007-10-10T07:03:00","guid":{"rendered":"http:\/\/www.koeln-lunke.de\/wordpress\/2007\/10\/10\/25-jahre-burgerinitiative-wohnen-und-umwelt-kolner-norden-v-v\/"},"modified":"2010-03-17T13:12:21","modified_gmt":"2010-03-17T12:12:21","slug":"25-jahre-burgerinitiative-wohnen-und-umwelt-kolner-norden-v-v","status":"publish","type":"post","link":"https:\/\/www.koeln-lunke.de\/wordpress\/2007\/10\/25-jahre-burgerinitiative-wohnen-und-umwelt-kolner-norden-v-v.html","title":{"rendered":"25 Jahre B\u00fcrgerinitiative Wohnen und Umwelt K\u00f6lner Norden v.V."},"content":{"rendered":"<div id=\"koeln-4079979232\" class=\"koeln-vor-dem-inhalt koeln-entity-placement\" style=\"margin-top: 2px;margin-bottom: 5px;\"><div class=\"koeln-adlabel\">Werbung<\/div><script async src=\"\/\/pagead2.googlesyndication.com\/pagead\/js\/adsbygoogle.js?client=ca-pub-8010464134132480\" crossorigin=\"anonymous\"><\/script><ins class=\"adsbygoogle\" style=\"display:block;\" data-ad-client=\"ca-pub-8010464134132480\" \ndata-ad-slot=\"4020926907\" \ndata-ad-format=\"auto\"><\/ins>\n<script> \n(adsbygoogle = window.adsbygoogle || []).push({}); \n<\/script>\n<\/div><p>25 Jahre B\u00fcrgerinitiative <span style=\"font-weight: bold;\">Wohnen und Umwelt<\/span> K\u00f6lner Norden e.V.<\/p>\n<p>Wenn das kein Grund zum feiern ist!<\/p>\n<p>N\u00e4mlich am Freitag, den 19.10.2007 im Pfarrheim Christ-K\u00f6nig im gro\u00dfen Saal, ab 19 Uhr geht es mit einem bunten Programm los.<\/p>\n<p>Unter anderem wird es einen R\u00fcckblick auf 25 Jahre Arbeit in der B\u00fcrgerinitiative geben, auch im Hinblick, ob sich B\u00fcrgerengagement lohnt.<\/p>\n<p>Zur musikalischen Unterhaltung wird das Klezmer-Quartett beitragen und zur St\u00e4rkung gibt es Getr\u00e4nke und einen Imbiss.<\/p>\n","protected":false},"excerpt":{"rendered":"<p>25 Jahre B\u00fcrgerinitiative Wohnen und Umwelt K\u00f6lner Norden e.V. Wenn das kein Grund zum feiern ist! N\u00e4mlich am Freitag, den 19.10.2007 im Pfarrheim Christ-K\u00f6nig im gro\u00dfen Saal, ab 19 Uhr geht es mit einem bunten Programm los. Unter anderem wird es einen R\u00fcckblick auf 25 Jahre Arbeit in der B\u00fcrgerinitiative geben, auch im Hinblick, ob sich B\u00fcrgerengagement lohnt. Zur musikalischen Unterhaltung wird das Klezmer-Quartett beitragen und zur St\u00e4rkung gibt es Getr\u00e4nke und einen Imbiss.<\/p>\n","protected":false},"author":1,"featured_media":0,"comment_status":"open","ping_status":"open","sticky":false,"template":"","format":"standard","meta":{"footnotes":""},"categories":[4],"tags":[15,16,78],"class_list":["post-22","post","type-post","status-publish","format-standard","hentry","category-longerich","tag-burgerinitiative-wohnen-und-umwelt","tag-feiern","tag-longerich"],"_links":{"self":[{"href":"https:\/\/www.koeln-lunke.de\/wordpress\/wp-json\/wp\/v2\/posts\/22","targetHints":{"allow":["GET"]}}],"collection":[{"href":"https:\/\/www.koeln-lunke.de\/wordpress\/wp-json\/wp\/v2\/posts"}],"about":[{"href":"https:\/\/www.koeln-lunke.de\/wordpress\/wp-json\/wp\/v2\/types\/post"}],"author":[{"embeddable":true,"href":"https:\/\/www.koeln-lunke.de\/wordpress\/wp-json\/wp\/v2\/users\/1"}],"replies":[{"embeddable":true,"href":"https:\/\/www.koeln-lunke.de\/wordpress\/wp-json\/wp\/v2\/comments?post=22"}],"version-history":[{"count":1,"href":"https:\/\/www.koeln-lunke.de\/wordpress\/wp-json\/wp\/v2\/posts\/22\/revisions"}],"predecessor-version":[{"id":78,"href":"https:\/\/www.koeln-lunke.de\/wordpress\/wp-json\/wp\/v2\/posts\/22\/revisions\/78"}],"wp:attachment":[{"href":"https:\/\/www.koeln-lunke.de\/wordpress\/wp-json\/wp\/v2\/media?parent=22"}],"wp:term":[{"taxonomy":"category","embeddable":true,"href":"https:\/\/www.koeln-lunke.de\/wordpress\/wp-json\/wp\/v2\/categories?post=22"},{"taxonomy":"post_tag","embeddable":true,"href":"https:\/\/www.koeln-lunke.de\/wordpress\/wp-json\/wp\/v2\/tags?post=22"}],"curies":[{"name":"wp","href":"https:\/\/api.w.org\/{rel}","templated":true}]}}