{"id":25,"date":"2008-01-11T12:53:00","date_gmt":"2008-01-11T11:53:00","guid":{"rendered":"http:\/\/www.koeln-lunke.de\/wordpress\/2008\/01\/11\/nippes\/"},"modified":"2010-03-17T17:48:38","modified_gmt":"2010-03-17T16:48:38","slug":"nippes","status":"publish","type":"post","link":"https:\/\/www.koeln-lunke.de\/wordpress\/2008\/01\/nippes.html","title":{"rendered":"Nippes"},"content":{"rendered":"<div id=\"koeln-895518532\" class=\"koeln-vor-dem-inhalt koeln-entity-placement\" style=\"margin-top: 2px;margin-bottom: 5px;\"><div class=\"koeln-adlabel\">Werbung<\/div><script async src=\"\/\/pagead2.googlesyndication.com\/pagead\/js\/adsbygoogle.js?client=ca-pub-8010464134132480\" crossorigin=\"anonymous\"><\/script><ins class=\"adsbygoogle\" style=\"display:block;\" data-ad-client=\"ca-pub-8010464134132480\" \ndata-ad-slot=\"4020926907\" \ndata-ad-format=\"auto\"><\/ins>\n<script> \n(adsbygoogle = window.adsbygoogle || []).push({}); \n<\/script>\n<\/div><p>Eine Ausstellung im Bezirksrathaus Nippes f\u00fcr den interessierten Nippesser liefert neue Erkenntnisse eines Aacheners, den es einst nach Nippes verschlagen hat, \u00fcber den Ursprung des Namens des Stadtteils, den man unter Nippes kennt.<\/p>\n<p>Reinhold Kruse erforscht seit zwanzig Jahren die Geschichte seines Stadtteils und pr\u00e4sentiert nun seine neuesten Forschungsergebnisse in der Ausstellung. So ist zum Beispiel seiner Meinung nach der Ursprung von Nippes &#8222;am Nippes&#8220;, da Nippes einst ein Weiher in einer Rheinrinne war. Die ersten Nippesser wohnten also am Nippes (Weiher).<\/p>\n<p>Auch gibt es neue Erkenntnisse zur Gr\u00fcndung des Nippesser Marktes, einer der wenigen M\u00e4rkte in K\u00f6ln, die jeden Tag (au\u00dfer Sonntag) abgehalten werden. Kruse ist der Meinung, da\u00df es den Markt bereits seit dem Jahre 1900 gibt und nicht erst, wie landl\u00e4ufig die Meinung ist, seit 1903. Obwohl so drei Jahre ja eigentlich nicht wirklich wichtig sind, oder?<\/p>\n<p>Wie auch immer, die Ausstellung ist bis 22.01.2008 w\u00e4hrend der \u00d6ffnungszeiten des Bezirksrathauses zu besuchen.<\/p>\n<p>Neues aus dem alten Nippes<br \/>\nBezirksrathaus Nippes<br \/>\nNeusser Stra\u00dfe 450<\/p>\n","protected":false},"excerpt":{"rendered":"<p>Eine Ausstellung im Bezirksrathaus Nippes f\u00fcr den interessierten Nippesser liefert neue Erkenntnisse eines Aacheners, den es einst nach Nippes verschlagen hat, \u00fcber den Ursprung des Namens des Stadtteils, den man unter Nippes kennt. Reinhold Kruse erforscht seit zwanzig Jahren die Geschichte seines Stadtteils und pr\u00e4sentiert nun seine neuesten Forschungsergebnisse in der Ausstellung. So ist zum Beispiel seiner Meinung nach der Ursprung von Nippes &#8222;am Nippes&#8220;, da Nippes einst ein Weiher in einer Rheinrinne war. Die ersten Nippesser wohnten also am<\/p>\n","protected":false},"author":1,"featured_media":0,"comment_status":"open","ping_status":"open","sticky":false,"template":"","format":"standard","meta":{"footnotes":""},"categories":[19],"tags":[20,12,81],"class_list":["post-25","post","type-post","status-publish","format-standard","hentry","category-nippes","tag-ausstellungen","tag-nachrichten","tag-nippes"],"_links":{"self":[{"href":"https:\/\/www.koeln-lunke.de\/wordpress\/wp-json\/wp\/v2\/posts\/25","targetHints":{"allow":["GET"]}}],"collection":[{"href":"https:\/\/www.koeln-lunke.de\/wordpress\/wp-json\/wp\/v2\/posts"}],"about":[{"href":"https:\/\/www.koeln-lunke.de\/wordpress\/wp-json\/wp\/v2\/types\/post"}],"author":[{"embeddable":true,"href":"https:\/\/www.koeln-lunke.de\/wordpress\/wp-json\/wp\/v2\/users\/1"}],"replies":[{"embeddable":true,"href":"https:\/\/www.koeln-lunke.de\/wordpress\/wp-json\/wp\/v2\/comments?post=25"}],"version-history":[{"count":2,"href":"https:\/\/www.koeln-lunke.de\/wordpress\/wp-json\/wp\/v2\/posts\/25\/revisions"}],"predecessor-version":[{"id":103,"href":"https:\/\/www.koeln-lunke.de\/wordpress\/wp-json\/wp\/v2\/posts\/25\/revisions\/103"}],"wp:attachment":[{"href":"https:\/\/www.koeln-lunke.de\/wordpress\/wp-json\/wp\/v2\/media?parent=25"}],"wp:term":[{"taxonomy":"category","embeddable":true,"href":"https:\/\/www.koeln-lunke.de\/wordpress\/wp-json\/wp\/v2\/categories?post=25"},{"taxonomy":"post_tag","embeddable":true,"href":"https:\/\/www.koeln-lunke.de\/wordpress\/wp-json\/wp\/v2\/tags?post=25"}],"curies":[{"name":"wp","href":"https:\/\/api.w.org\/{rel}","templated":true}]}}