{"id":31,"date":"2008-06-10T08:00:00","date_gmt":"2008-06-10T07:00:00","guid":{"rendered":"http:\/\/www.koeln-lunke.de\/wordpress\/2008\/06\/10\/sommer-fur-kinder\/"},"modified":"2010-03-17T12:47:55","modified_gmt":"2010-03-17T11:47:55","slug":"sommer-fur-kinder","status":"publish","type":"post","link":"https:\/\/www.koeln-lunke.de\/wordpress\/2008\/06\/sommer-fur-kinder.html","title":{"rendered":"Sommer f\u00fcr Kinder"},"content":{"rendered":"<div id=\"koeln-3017476218\" class=\"koeln-vor-dem-inhalt koeln-entity-placement\" style=\"margin-top: 2px;margin-bottom: 5px;\"><div class=\"koeln-adlabel\">Werbung<\/div><script async src=\"\/\/pagead2.googlesyndication.com\/pagead\/js\/adsbygoogle.js?client=ca-pub-8010464134132480\" crossorigin=\"anonymous\"><\/script><ins class=\"adsbygoogle\" style=\"display:block;\" data-ad-client=\"ca-pub-8010464134132480\" \ndata-ad-slot=\"4020926907\" \ndata-ad-format=\"auto\"><\/ins>\n<script> \n(adsbygoogle = window.adsbygoogle || []).push({}); \n<\/script>\n<\/div><p>So mancher kann ja im Sommer nicht verreisen, sei es, weil er kein Geld hat oder auch aus anderen Gr\u00fcnden. Was machen aber dann die Kinder, die ja bald Ferien haben und sich u.U. ziemlich langweilen, denn nicht jedes Kind kann sich mit sich selbst besch\u00e4ftigen?<\/p>\n<p>Hier will die <span style=\"font-style: italic;\">Expedition Colonia<\/span> in die Bresche springen &#8211; mit rund achtzig F\u00fchrungen f\u00fcr Kinder im Alter von 4 bis 14.<\/p>\n<p>Wobei F\u00fchrungen es nicht ganz trifft. Denn es wird nicht nur passiv gef\u00fchrt und etwas erz\u00e4hlt, sondern die Kinder sollen auch animiert werden, selber zu machen.<\/p>\n<p>So k\u00f6nnen zum Beispiel ab 6j\u00e4hrige als Stadt-Detektive mittelalterliche Spuren in K\u00f6ln suchen und (hoffentlich) finden. \u00c4ltere Kinder &#8211; ab 12 &#8211; erfahren etwas \u00fcber den Kakao, der zwar bekanntlich gut schmeckt, aber auch als Sch\u00f6nheitsmittel galt und gilt. Nach einer kurzen F\u00fchrung durchs Museum geht es ans Selbstmachen von Cremes aus Kakao &#8211; zum mitnehmen.<\/p>\n<p>Zwei von 80 Expeditionen in und rund um K\u00f6ln in den ersten Sommerferienwochen: 28.06.2008 bis 13.07.2008. Mehr Informationen unter <a href=\"http:\/\/www.expedition-colonia.de\" target=\"_blank\">http:\/\/www.expedition-colonia.de<\/a><\/p>\n","protected":false},"excerpt":{"rendered":"<p>So mancher kann ja im Sommer nicht verreisen, sei es, weil er kein Geld hat oder auch aus anderen Gr\u00fcnden. Was machen aber dann die Kinder, die ja bald Ferien haben und sich u.U. ziemlich langweilen, denn nicht jedes Kind kann sich mit sich selbst besch\u00e4ftigen? Hier will die Expedition Colonia in die Bresche springen &#8211; mit rund achtzig F\u00fchrungen f\u00fcr Kinder im Alter von 4 bis 14. Wobei F\u00fchrungen es nicht ganz trifft. Denn es wird nicht nur passiv<\/p>\n","protected":false},"author":1,"featured_media":0,"comment_status":"open","ping_status":"open","sticky":false,"template":"","format":"standard","meta":{"footnotes":""},"categories":[18],"tags":[20,9,12,21],"class_list":["post-31","post","type-post","status-publish","format-standard","hentry","category-koln","tag-ausstellungen","tag-freizeit","tag-nachrichten","tag-sommerferien"],"_links":{"self":[{"href":"https:\/\/www.koeln-lunke.de\/wordpress\/wp-json\/wp\/v2\/posts\/31","targetHints":{"allow":["GET"]}}],"collection":[{"href":"https:\/\/www.koeln-lunke.de\/wordpress\/wp-json\/wp\/v2\/posts"}],"about":[{"href":"https:\/\/www.koeln-lunke.de\/wordpress\/wp-json\/wp\/v2\/types\/post"}],"author":[{"embeddable":true,"href":"https:\/\/www.koeln-lunke.de\/wordpress\/wp-json\/wp\/v2\/users\/1"}],"replies":[{"embeddable":true,"href":"https:\/\/www.koeln-lunke.de\/wordpress\/wp-json\/wp\/v2\/comments?post=31"}],"version-history":[{"count":1,"href":"https:\/\/www.koeln-lunke.de\/wordpress\/wp-json\/wp\/v2\/posts\/31\/revisions"}],"predecessor-version":[{"id":65,"href":"https:\/\/www.koeln-lunke.de\/wordpress\/wp-json\/wp\/v2\/posts\/31\/revisions\/65"}],"wp:attachment":[{"href":"https:\/\/www.koeln-lunke.de\/wordpress\/wp-json\/wp\/v2\/media?parent=31"}],"wp:term":[{"taxonomy":"category","embeddable":true,"href":"https:\/\/www.koeln-lunke.de\/wordpress\/wp-json\/wp\/v2\/categories?post=31"},{"taxonomy":"post_tag","embeddable":true,"href":"https:\/\/www.koeln-lunke.de\/wordpress\/wp-json\/wp\/v2\/tags?post=31"}],"curies":[{"name":"wp","href":"https:\/\/api.w.org\/{rel}","templated":true}]}}