{"id":36,"date":"2008-08-12T16:36:00","date_gmt":"2008-08-12T15:36:00","guid":{"rendered":"http:\/\/www.koeln-lunke.de\/wordpress\/2008\/08\/12\/penny-in-der-gartenstadt-schliest\/"},"modified":"2010-03-17T12:43:51","modified_gmt":"2010-03-17T11:43:51","slug":"penny-in-der-gartenstadt-schliest","status":"publish","type":"post","link":"https:\/\/www.koeln-lunke.de\/wordpress\/2008\/08\/penny-in-der-gartenstadt-schliest.html","title":{"rendered":"Penny in der Gartenstadt schlie\u00dft"},"content":{"rendered":"<div id=\"koeln-71214954\" class=\"koeln-vor-dem-inhalt koeln-entity-placement\" style=\"margin-top: 2px;margin-bottom: 5px;\"><div class=\"koeln-adlabel\">Werbung<\/div><script async src=\"\/\/pagead2.googlesyndication.com\/pagead\/js\/adsbygoogle.js?client=ca-pub-8010464134132480\" crossorigin=\"anonymous\"><\/script><ins class=\"adsbygoogle\" style=\"display:block;\" data-ad-client=\"ca-pub-8010464134132480\" \ndata-ad-slot=\"4020926907\" \ndata-ad-format=\"auto\"><\/ins>\n<script> \n(adsbygoogle = window.adsbygoogle || []).push({}); \n<\/script>\n<\/div><p>Lang munkelte man es nur, dann wurde es gewi\u00df, nur der Termin stand noch nicht so definitiv fest, da\u00df der Penny an der Altonaer Stra\u00dfe schlie\u00dft.<\/p>\n<p>Nun ist es amtlich, Samstag, 16.08.08, ist als letzter offener Tag angek\u00fcndigt.<\/p>\n<p>Mehr im Forum <a href=\"http:\/\/www.koeln-lunke.de\/phpBB2\/ftopic310.html\">Penny macht dicht<\/a>.<\/p>\n<p>Da anscheinend in den Sternen steht, wer in die R\u00e4umlichkeiten ziehen k\u00f6nnte oder wollte, endet dann wohl eine jahrzentelange \u00c4ra von Lebensmittelgesch\u00e4ften in der Gartenstadt.<\/p>\n","protected":false},"excerpt":{"rendered":"<p>Lang munkelte man es nur, dann wurde es gewi\u00df, nur der Termin stand noch nicht so definitiv fest, da\u00df der Penny an der Altonaer Stra\u00dfe schlie\u00dft. Nun ist es amtlich, Samstag, 16.08.08, ist als letzter offener Tag angek\u00fcndigt. Mehr im Forum Penny macht dicht. Da anscheinend in den Sternen steht, wer in die R\u00e4umlichkeiten ziehen k\u00f6nnte oder wollte, endet dann wohl eine jahrzentelange \u00c4ra von Lebensmittelgesch\u00e4ften in der Gartenstadt.<\/p>\n","protected":false},"author":1,"featured_media":0,"comment_status":"open","ping_status":"open","sticky":false,"template":"","format":"standard","meta":{"footnotes":""},"categories":[8],"tags":[79,78,29],"class_list":["post-36","post","type-post","status-publish","format-standard","hentry","category-einkaufen","tag-einkaufen","tag-longerich","tag-penny"],"_links":{"self":[{"href":"https:\/\/www.koeln-lunke.de\/wordpress\/wp-json\/wp\/v2\/posts\/36","targetHints":{"allow":["GET"]}}],"collection":[{"href":"https:\/\/www.koeln-lunke.de\/wordpress\/wp-json\/wp\/v2\/posts"}],"about":[{"href":"https:\/\/www.koeln-lunke.de\/wordpress\/wp-json\/wp\/v2\/types\/post"}],"author":[{"embeddable":true,"href":"https:\/\/www.koeln-lunke.de\/wordpress\/wp-json\/wp\/v2\/users\/1"}],"replies":[{"embeddable":true,"href":"https:\/\/www.koeln-lunke.de\/wordpress\/wp-json\/wp\/v2\/comments?post=36"}],"version-history":[{"count":1,"href":"https:\/\/www.koeln-lunke.de\/wordpress\/wp-json\/wp\/v2\/posts\/36\/revisions"}],"predecessor-version":[{"id":60,"href":"https:\/\/www.koeln-lunke.de\/wordpress\/wp-json\/wp\/v2\/posts\/36\/revisions\/60"}],"wp:attachment":[{"href":"https:\/\/www.koeln-lunke.de\/wordpress\/wp-json\/wp\/v2\/media?parent=36"}],"wp:term":[{"taxonomy":"category","embeddable":true,"href":"https:\/\/www.koeln-lunke.de\/wordpress\/wp-json\/wp\/v2\/categories?post=36"},{"taxonomy":"post_tag","embeddable":true,"href":"https:\/\/www.koeln-lunke.de\/wordpress\/wp-json\/wp\/v2\/tags?post=36"}],"curies":[{"name":"wp","href":"https:\/\/api.w.org\/{rel}","templated":true}]}}