{"id":444,"date":"2019-11-07T12:52:42","date_gmt":"2019-11-07T11:52:42","guid":{"rendered":"http:\/\/www.koeln-lunke.de\/wordpress\/?p=444"},"modified":"2019-11-08T11:44:33","modified_gmt":"2019-11-08T10:44:33","slug":"braende-in-niehl-und-weidenpesch","status":"publish","type":"post","link":"https:\/\/www.koeln-lunke.de\/wordpress\/2019\/11\/braende-in-niehl-und-weidenpesch.html","title":{"rendered":"Br\u00e4nde in Niehl und Weidenpesch"},"content":{"rendered":"<div id=\"koeln-2268499325\" class=\"koeln-vor-dem-inhalt koeln-entity-placement\" style=\"margin-top: 2px;margin-bottom: 5px;\"><div class=\"koeln-adlabel\">Werbung<\/div><script async src=\"\/\/pagead2.googlesyndication.com\/pagead\/js\/adsbygoogle.js?client=ca-pub-8010464134132480\" crossorigin=\"anonymous\"><\/script><ins class=\"adsbygoogle\" style=\"display:block;\" data-ad-client=\"ca-pub-8010464134132480\" \ndata-ad-slot=\"4020926907\" \ndata-ad-format=\"auto\"><\/ins>\n<script> \n(adsbygoogle = window.adsbygoogle || []).push({}); \n<\/script>\n<\/div><p>Wer in K\u00f6ln etwa in der Gegend um K\u00f6ln Niehl bzw. Weidenpesch wohnt, der sollte auf seine Keller(eing\u00e4nge), Autos und Wohnmobile achten, denn da ging ein Feuerteufel um.<\/p>\n<p>In der Nacht zu Dienstag brannte es mehrere Male, die Polizei geht von zusammenh\u00e4ngenden Taten aus.<\/p>\n<p>Zuerst wurde die Feuerwehr gerufen um 3.23 Uhr, in der Scheibenstra\u00dfe, also quasi um die Ecke der Feuerwache, brannte ein Wohnmobil, ein daneben geparkter PKW wurde ebenfalls stark in Mitleidenschaft gezogen.<\/p>\n<p>Knapp 20 Minuten sp\u00e4ter brannte es in einem Keller in der N\u00e4he, Fehrbellinstra\u00dfe. Dort konnte dank des schnellen Eingreifens der Feuerwehrm\u00e4nner (\/Frauen) schlimmeres verhindert werden. <\/p>\n<p>Zwei Stunden sp\u00e4ter brannte dann eine Laube in Niehl an der Stra\u00dfe Im Grund. <\/p>\n<p>Die Polizei bittet, Hinweise unter Ruf 0221 229 &#8211; 0 oder per Mail an poststelle . koeln . @ polizei . nrw . de zu geben.<\/p>\n<p>Quelle: ksta 6.11.2019<\/p>\n<p>Nachtrag 08.11.2019 Bei dem Wohnmobil handelt es sich nach Augenschein eher um einen zweiachsigen Wohnwagen, der sozusagen bis auf die Grundmauern abgebrannt ist. Buchst\u00e4blich nichts ist mehr \u00fcbrig. Hoffentlich ist der Wohnwagen gut versichert gewesen und es lagen nicht zu viele pers\u00f6nliche Dinge im Caravan.<\/p>\n","protected":false},"excerpt":{"rendered":"<p>Wer in K\u00f6ln etwa in der Gegend um K\u00f6ln Niehl bzw. Weidenpesch wohnt, der sollte auf seine Keller(eing\u00e4nge), Autos und Wohnmobile achten, denn da ging ein Feuerteufel um. In der Nacht zu Dienstag brannte es mehrere Male, die Polizei geht von zusammenh\u00e4ngenden Taten aus. Zuerst wurde die Feuerwehr gerufen um 3.23 Uhr, in der Scheibenstra\u00dfe, also quasi um die Ecke der Feuerwache, brannte ein Wohnmobil, ein daneben geparkter PKW wurde ebenfalls stark in Mitleidenschaft gezogen. Knapp 20 Minuten sp\u00e4ter brannte<\/p>\n","protected":false},"author":1,"featured_media":0,"comment_status":"open","ping_status":"open","sticky":false,"template":"","format":"standard","meta":{"footnotes":""},"categories":[107,24],"tags":[109,12,108,82],"class_list":["post-444","post","type-post","status-publish","format-standard","hentry","category-niehl","category-weidenpesch","tag-brandstiftung","tag-nachrichten","tag-niehl","tag-weidenpesch"],"_links":{"self":[{"href":"https:\/\/www.koeln-lunke.de\/wordpress\/wp-json\/wp\/v2\/posts\/444","targetHints":{"allow":["GET"]}}],"collection":[{"href":"https:\/\/www.koeln-lunke.de\/wordpress\/wp-json\/wp\/v2\/posts"}],"about":[{"href":"https:\/\/www.koeln-lunke.de\/wordpress\/wp-json\/wp\/v2\/types\/post"}],"author":[{"embeddable":true,"href":"https:\/\/www.koeln-lunke.de\/wordpress\/wp-json\/wp\/v2\/users\/1"}],"replies":[{"embeddable":true,"href":"https:\/\/www.koeln-lunke.de\/wordpress\/wp-json\/wp\/v2\/comments?post=444"}],"version-history":[{"count":5,"href":"https:\/\/www.koeln-lunke.de\/wordpress\/wp-json\/wp\/v2\/posts\/444\/revisions"}],"predecessor-version":[{"id":454,"href":"https:\/\/www.koeln-lunke.de\/wordpress\/wp-json\/wp\/v2\/posts\/444\/revisions\/454"}],"wp:attachment":[{"href":"https:\/\/www.koeln-lunke.de\/wordpress\/wp-json\/wp\/v2\/media?parent=444"}],"wp:term":[{"taxonomy":"category","embeddable":true,"href":"https:\/\/www.koeln-lunke.de\/wordpress\/wp-json\/wp\/v2\/categories?post=444"},{"taxonomy":"post_tag","embeddable":true,"href":"https:\/\/www.koeln-lunke.de\/wordpress\/wp-json\/wp\/v2\/tags?post=444"}],"curies":[{"name":"wp","href":"https:\/\/api.w.org\/{rel}","templated":true}]}}