{"id":456,"date":"2019-11-16T12:03:08","date_gmt":"2019-11-16T11:03:08","guid":{"rendered":"http:\/\/www.koeln-lunke.de\/wordpress\/?p=456"},"modified":"2019-11-29T09:01:01","modified_gmt":"2019-11-29T08:01:01","slug":"adventskraenze","status":"publish","type":"post","link":"https:\/\/www.koeln-lunke.de\/wordpress\/2019\/11\/adventskraenze.html","title":{"rendered":"Adventskr\u00e4nze"},"content":{"rendered":"<div id=\"koeln-3806353152\" class=\"koeln-vor-dem-inhalt koeln-entity-placement\" style=\"margin-top: 2px;margin-bottom: 5px;\"><div class=\"koeln-adlabel\">Werbung<\/div><script async src=\"\/\/pagead2.googlesyndication.com\/pagead\/js\/adsbygoogle.js?client=ca-pub-8010464134132480\" crossorigin=\"anonymous\"><\/script><ins class=\"adsbygoogle\" style=\"display:block;\" data-ad-client=\"ca-pub-8010464134132480\" \ndata-ad-slot=\"4020926907\" \ndata-ad-format=\"auto\"><\/ins>\n<script> \n(adsbygoogle = window.adsbygoogle || []).push({}); \n<\/script>\n<\/div><p>Unverkennbar steht Weihnachten vor der T\u00fcr, die ersten Weihnachtsm\u00e4rkte haben bereits ge\u00f6ffnet, zwar noch nicht in K\u00f6ln, aber hier steht immerhin schon der erste Riesenbaum. So langsam wird es Zeit f\u00fcr den <strong>Adventskranz<\/strong>. <\/p>\n<p><a href=\"http:\/\/www.cczzoo.de\/456et\" target=\"_blank\" rel=\"noopener noreferrer\"><img loading=\"lazy\" decoding=\"async\" src=\"http:\/\/www.koeln-lunke.de\/wordpress\/wp-content\/uploads\/2019\/11\/adventskranz-300x200.jpg\" alt=\"Adventskranz\" width=\"300\" height=\"200\" class=\"alignleft size-medium wp-image-462\" srcset=\"https:\/\/www.koeln-lunke.de\/wordpress\/wp-content\/uploads\/2019\/11\/adventskranz-300x200.jpg 300w, https:\/\/www.koeln-lunke.de\/wordpress\/wp-content\/uploads\/2019\/11\/adventskranz-768x512.jpg 768w, https:\/\/www.koeln-lunke.de\/wordpress\/wp-content\/uploads\/2019\/11\/adventskranz-1024x683.jpg 1024w, https:\/\/www.koeln-lunke.de\/wordpress\/wp-content\/uploads\/2019\/11\/adventskranz-1320x880.jpg 1320w\" sizes=\"auto, (max-width: 300px) 100vw, 300px\" \/><\/a>Wer noch kein sch\u00f6nes Exemplar gefunden hat, der kann von einer Floristin aus Longerich ein echtes Unikat erwerben. <\/p>\n<p>Nat\u00fcrlich l\u00e4uft das ganze \u00fcbers Internet ab, zu den Adventskr\u00e4nzen geht es hier lang: <a href=\"http:\/\/www.cczzoo.de\/456et\" target=\"_blank\" rel=\"noopener noreferrer\">Handgefertigte Adventskr\u00e4nze und mehr<\/a>.<\/p>\n<p>Der Vorrat ist begrenzt, es lohnt sich also, fr\u00fchzeitig einmal vorbeizuschauen. <\/p>\n","protected":false},"excerpt":{"rendered":"<p>Unverkennbar steht Weihnachten vor der T\u00fcr, die ersten Weihnachtsm\u00e4rkte haben bereits ge\u00f6ffnet, zwar noch nicht in K\u00f6ln, aber hier steht immerhin schon der erste Riesenbaum. So langsam wird es Zeit f\u00fcr den Adventskranz. Wer noch kein sch\u00f6nes Exemplar gefunden hat, der kann von einer Floristin aus Longerich ein echtes Unikat erwerben. Nat\u00fcrlich l\u00e4uft das ganze \u00fcbers Internet ab, zu den Adventskr\u00e4nzen geht es hier lang: Handgefertigte Adventskr\u00e4nze und mehr. Der Vorrat ist begrenzt, es lohnt sich also, fr\u00fchzeitig einmal vorbeizuschauen.<\/p>\n","protected":false},"author":1,"featured_media":0,"comment_status":"open","ping_status":"open","sticky":false,"template":"","format":"standard","meta":{"footnotes":""},"categories":[8,4,33],"tags":[110,79,111],"class_list":["post-456","post","type-post","status-publish","format-standard","hentry","category-einkaufen","category-longerich","category-weptipps","tag-adventskraenze","tag-einkaufen","tag-floristik"],"_links":{"self":[{"href":"https:\/\/www.koeln-lunke.de\/wordpress\/wp-json\/wp\/v2\/posts\/456","targetHints":{"allow":["GET"]}}],"collection":[{"href":"https:\/\/www.koeln-lunke.de\/wordpress\/wp-json\/wp\/v2\/posts"}],"about":[{"href":"https:\/\/www.koeln-lunke.de\/wordpress\/wp-json\/wp\/v2\/types\/post"}],"author":[{"embeddable":true,"href":"https:\/\/www.koeln-lunke.de\/wordpress\/wp-json\/wp\/v2\/users\/1"}],"replies":[{"embeddable":true,"href":"https:\/\/www.koeln-lunke.de\/wordpress\/wp-json\/wp\/v2\/comments?post=456"}],"version-history":[{"count":11,"href":"https:\/\/www.koeln-lunke.de\/wordpress\/wp-json\/wp\/v2\/posts\/456\/revisions"}],"predecessor-version":[{"id":491,"href":"https:\/\/www.koeln-lunke.de\/wordpress\/wp-json\/wp\/v2\/posts\/456\/revisions\/491"}],"wp:attachment":[{"href":"https:\/\/www.koeln-lunke.de\/wordpress\/wp-json\/wp\/v2\/media?parent=456"}],"wp:term":[{"taxonomy":"category","embeddable":true,"href":"https:\/\/www.koeln-lunke.de\/wordpress\/wp-json\/wp\/v2\/categories?post=456"},{"taxonomy":"post_tag","embeddable":true,"href":"https:\/\/www.koeln-lunke.de\/wordpress\/wp-json\/wp\/v2\/tags?post=456"}],"curies":[{"name":"wp","href":"https:\/\/api.w.org\/{rel}","templated":true}]}}