{"id":492,"date":"2019-11-29T22:18:18","date_gmt":"2019-11-29T21:18:18","guid":{"rendered":"http:\/\/www.koeln-lunke.de\/wordpress\/?p=492"},"modified":"2019-11-29T22:18:18","modified_gmt":"2019-11-29T21:18:18","slug":"fruehstuecken-in-longerich","status":"publish","type":"post","link":"https:\/\/www.koeln-lunke.de\/wordpress\/2019\/11\/fruehstuecken-in-longerich.html","title":{"rendered":"Fr\u00fchst\u00fccken in Longerich"},"content":{"rendered":"<div id=\"koeln-819857591\" class=\"koeln-vor-dem-inhalt koeln-entity-placement\" style=\"margin-top: 2px;margin-bottom: 5px;\"><div class=\"koeln-adlabel\">Werbung<\/div><script async src=\"\/\/pagead2.googlesyndication.com\/pagead\/js\/adsbygoogle.js?client=ca-pub-8010464134132480\" crossorigin=\"anonymous\"><\/script><ins class=\"adsbygoogle\" style=\"display:block;\" data-ad-client=\"ca-pub-8010464134132480\" \ndata-ad-slot=\"4020926907\" \ndata-ad-format=\"auto\"><\/ins>\n<script> \n(adsbygoogle = window.adsbygoogle || []).push({}); \n<\/script>\n<\/div><p>Das <a href=\"https:\/\/www.koeln-lunke.de\/wordpress\/2019\/11\/visions-longerich.html\" rel=\"noopener noreferrer\" target=\"_blank\">Visions<\/a> hat nicht wie geschrieben, ab dem sp\u00e4ten Vormittag auf, sondern anscheinend bereits ab 9 Uhr. Also nicht wie in einer B\u00e4ckerei schon in aller Herrgottsfr\u00fche, aber  immerhin&#8230;<\/p>\n","protected":false},"excerpt":{"rendered":"<p>Das Visions hat nicht wie geschrieben, ab dem sp\u00e4ten Vormittag auf, sondern anscheinend bereits ab 9 Uhr. Also nicht wie in einer B\u00e4ckerei schon in aller Herrgottsfr\u00fche, aber immerhin&#8230;<\/p>\n","protected":false},"author":1,"featured_media":0,"comment_status":"open","ping_status":"open","sticky":false,"template":"","format":"standard","meta":{"footnotes":""},"categories":[4],"tags":[118],"class_list":["post-492","post","type-post","status-publish","format-standard","hentry","category-longerich","tag-fruehstuecken"],"_links":{"self":[{"href":"https:\/\/www.koeln-lunke.de\/wordpress\/wp-json\/wp\/v2\/posts\/492","targetHints":{"allow":["GET"]}}],"collection":[{"href":"https:\/\/www.koeln-lunke.de\/wordpress\/wp-json\/wp\/v2\/posts"}],"about":[{"href":"https:\/\/www.koeln-lunke.de\/wordpress\/wp-json\/wp\/v2\/types\/post"}],"author":[{"embeddable":true,"href":"https:\/\/www.koeln-lunke.de\/wordpress\/wp-json\/wp\/v2\/users\/1"}],"replies":[{"embeddable":true,"href":"https:\/\/www.koeln-lunke.de\/wordpress\/wp-json\/wp\/v2\/comments?post=492"}],"version-history":[{"count":2,"href":"https:\/\/www.koeln-lunke.de\/wordpress\/wp-json\/wp\/v2\/posts\/492\/revisions"}],"predecessor-version":[{"id":494,"href":"https:\/\/www.koeln-lunke.de\/wordpress\/wp-json\/wp\/v2\/posts\/492\/revisions\/494"}],"wp:attachment":[{"href":"https:\/\/www.koeln-lunke.de\/wordpress\/wp-json\/wp\/v2\/media?parent=492"}],"wp:term":[{"taxonomy":"category","embeddable":true,"href":"https:\/\/www.koeln-lunke.de\/wordpress\/wp-json\/wp\/v2\/categories?post=492"},{"taxonomy":"post_tag","embeddable":true,"href":"https:\/\/www.koeln-lunke.de\/wordpress\/wp-json\/wp\/v2\/tags?post=492"}],"curies":[{"name":"wp","href":"https:\/\/api.w.org\/{rel}","templated":true}]}}