{"id":6,"date":"2006-05-22T06:11:00","date_gmt":"2006-05-22T05:11:00","guid":{"rendered":"http:\/\/www.koeln-lunke.de\/wordpress\/2006\/05\/22\/neue-notdienstregelungen-fur-kinder\/"},"modified":"2010-03-17T13:35:03","modified_gmt":"2010-03-17T12:35:03","slug":"neue-notdienstregelungen-fur-kinder","status":"publish","type":"post","link":"https:\/\/www.koeln-lunke.de\/wordpress\/2006\/05\/neue-notdienstregelungen-fur-kinder.html","title":{"rendered":"neue Notdienstregelungen f\u00fcr Kinder"},"content":{"rendered":"<div id=\"koeln-3582185003\" class=\"koeln-vor-dem-inhalt koeln-entity-placement\" style=\"margin-top: 2px;margin-bottom: 5px;\"><div class=\"koeln-adlabel\">Werbung<\/div><script async src=\"\/\/pagead2.googlesyndication.com\/pagead\/js\/adsbygoogle.js?client=ca-pub-8010464134132480\" crossorigin=\"anonymous\"><\/script><ins class=\"adsbygoogle\" style=\"display:block;\" data-ad-client=\"ca-pub-8010464134132480\" \ndata-ad-slot=\"4020926907\" \ndata-ad-format=\"auto\"><\/ins>\n<script> \n(adsbygoogle = window.adsbygoogle || []).push({}); \n<\/script>\n<\/div><p>Seit einiger Zeit geistern die Pl\u00e4ne durch die Stadt und zum 15. Mai nun haben die <strong>zentralen Notdienstpraxen f\u00fcr K\u00f6ln<\/strong> ihre Arbeit aufgenommen.<\/p>\n<p>Was bedeutet das f\u00fcr den Patienten bzw. die Eltern?<\/p>\n<p>Bisher wurde der Notdienst unter den niedergelassenen Praxen aufgeteilt, zu jedem Notdienst war eine andere dran und am Notdiensttelefon konnte man sich informieren, wo man mit seinem Kind hinzufahren hatte.<\/p>\n<p>Dies f\u00e4llt nun weg und man mu\u00df sich nur noch &#8217;seine&#8216; zust\u00e4ndige Notdienstpraxis merken.<\/p>\n<p>Diese Praxen werden allerdings nach wie vor von den niedergelassenen \u00c4rzten versorgt (Ausnahmen best\u00e4tigen die Regel).<\/p>\n<p>Folgende drei Praxen sind ab sofort in Betrieb:<\/p>\n<ul>\n<li>Uniklinikum, Ruf: 47 88 89 99<\/li>\n<li>Kinderkrankenhaus Amsterdamer Stra\u00dfe, Ruf: 88 88 42 0<\/li>\n<li>Kinderkrankenhaus Porz, Ruf: 02203 \/ 98 0 11 01<\/li>\n<\/ul>\n<p>Die Notdienstzeiten teilen sich wie folgt auf:<\/p>\n<p>Wochentags von 19 Uhr bis 23 Uhr, mittwochs und Freitags ab 13 Uhr und am Wochenende und feiertags von 8 Uhr bis 23 Uhr.<\/p>\n<p>Wer au\u00dferhalb dieser Zeiten Hilfe ben\u00f6tigt, wendet sich an den normalen Kliniknotdienst.<\/p>\n<p>Hier hat sich also gleich wieder eine schleichende Verschlechterung eingestellt, auf die wir nicht n\u00e4her eingehen m\u00f6chten. Geht sie doch einher mit einer Erleichterung f\u00fcr die \u00c4rzte und Helferinnen.<\/p>\n<p>Unschwer erkennbar ist also, da\u00df longericher Kinder zuk\u00fcnftig ins Kinderkrankenhaus Amsterdamer Stra\u00dfe pilgern m\u00fcssen, sollten sie in die Verlegenheit kommen, einen Notdienst in Anspruch nehmen zu m\u00fcssen. Wei\u00df jemand, welche Haltestelle da zust\u00e4ndig ist, bzw. welche Bahn da \u00fcberhaupt hinf\u00e4hrt?<\/p>\n<p><em>Alle Angaben nat\u00fcrlich wie immer nach bestem Wissen aber ohne Gew\u00e4hr!<\/em><\/p>\n","protected":false},"excerpt":{"rendered":"<p>Seit einiger Zeit geistern die Pl\u00e4ne durch die Stadt und zum 15. Mai nun haben die zentralen Notdienstpraxen f\u00fcr K\u00f6ln ihre Arbeit aufgenommen. Was bedeutet das f\u00fcr den Patienten bzw. die Eltern? Bisher wurde der Notdienst unter den niedergelassenen Praxen aufgeteilt, zu jedem Notdienst war eine andere dran und am Notdiensttelefon konnte man sich informieren, wo man mit seinem Kind hinzufahren hatte. Dies f\u00e4llt nun weg und man mu\u00df sich nur noch &#8217;seine&#8216; zust\u00e4ndige Notdienstpraxis merken. Diese Praxen werden allerdings<\/p>\n","protected":false},"author":1,"featured_media":0,"comment_status":"open","ping_status":"open","sticky":false,"template":"","format":"standard","meta":{"footnotes":""},"categories":[18],"tags":[],"class_list":["post-6","post","type-post","status-publish","format-standard","hentry","category-koln"],"_links":{"self":[{"href":"https:\/\/www.koeln-lunke.de\/wordpress\/wp-json\/wp\/v2\/posts\/6","targetHints":{"allow":["GET"]}}],"collection":[{"href":"https:\/\/www.koeln-lunke.de\/wordpress\/wp-json\/wp\/v2\/posts"}],"about":[{"href":"https:\/\/www.koeln-lunke.de\/wordpress\/wp-json\/wp\/v2\/types\/post"}],"author":[{"embeddable":true,"href":"https:\/\/www.koeln-lunke.de\/wordpress\/wp-json\/wp\/v2\/users\/1"}],"replies":[{"embeddable":true,"href":"https:\/\/www.koeln-lunke.de\/wordpress\/wp-json\/wp\/v2\/comments?post=6"}],"version-history":[{"count":1,"href":"https:\/\/www.koeln-lunke.de\/wordpress\/wp-json\/wp\/v2\/posts\/6\/revisions"}],"predecessor-version":[{"id":96,"href":"https:\/\/www.koeln-lunke.de\/wordpress\/wp-json\/wp\/v2\/posts\/6\/revisions\/96"}],"wp:attachment":[{"href":"https:\/\/www.koeln-lunke.de\/wordpress\/wp-json\/wp\/v2\/media?parent=6"}],"wp:term":[{"taxonomy":"category","embeddable":true,"href":"https:\/\/www.koeln-lunke.de\/wordpress\/wp-json\/wp\/v2\/categories?post=6"},{"taxonomy":"post_tag","embeddable":true,"href":"https:\/\/www.koeln-lunke.de\/wordpress\/wp-json\/wp\/v2\/tags?post=6"}],"curies":[{"name":"wp","href":"https:\/\/api.w.org\/{rel}","templated":true}]}}