{"id":725,"date":"2021-09-09T09:44:32","date_gmt":"2021-09-09T08:44:32","guid":{"rendered":"https:\/\/www.koeln-lunke.de\/wordpress\/?p=725"},"modified":"2021-09-09T16:36:15","modified_gmt":"2021-09-09T15:36:15","slug":"stromausfall-in-longerich-08-09-2021","status":"publish","type":"post","link":"https:\/\/www.koeln-lunke.de\/wordpress\/2021\/09\/stromausfall-in-longerich-08-09-2021.html","title":{"rendered":"Stromausfall in Longerich 08.09.2021"},"content":{"rendered":"<div id=\"koeln-51942292\" class=\"koeln-vor-dem-inhalt koeln-entity-placement\" style=\"margin-top: 2px;margin-bottom: 5px;\"><div class=\"koeln-adlabel\">Werbung<\/div><script async src=\"\/\/pagead2.googlesyndication.com\/pagead\/js\/adsbygoogle.js?client=ca-pub-8010464134132480\" crossorigin=\"anonymous\"><\/script><ins class=\"adsbygoogle\" style=\"display:block;\" data-ad-client=\"ca-pub-8010464134132480\" \ndata-ad-slot=\"4020926907\" \ndata-ad-format=\"auto\"><\/ins>\n<script> \n(adsbygoogle = window.adsbygoogle || []).push({}); \n<\/script>\n<\/div><p>In der Nacht vom 08.09.2021 auf den 09.09.2021 kurz nach 22.30 fiel der Strom f\u00fcr etwa 10 Minuten aus mindestens in Teilen von Longerich und auch in Niehl. <\/p>\n<p>Laut Radio K\u00f6ln waren betroffen &#8222;Niehl, Nippes, Weidenpesch und Riehl.&#8220;, weiterhin hei\u00dft es, ein Fehler in einer Trafostation sei urs\u00e4chlich f\u00fcr den Stromausfall.<\/p>\n","protected":false},"excerpt":{"rendered":"<p>In der Nacht vom 08.09.2021 auf den 09.09.2021 kurz nach 22.30 fiel der Strom f\u00fcr etwa 10 Minuten aus mindestens in Teilen von Longerich und auch in Niehl. Laut Radio K\u00f6ln waren betroffen &#8222;Niehl, Nippes, Weidenpesch und Riehl.&#8220;, weiterhin hei\u00dft es, ein Fehler in einer Trafostation sei urs\u00e4chlich f\u00fcr den Stromausfall.<\/p>\n","protected":false},"author":1,"featured_media":0,"comment_status":"open","ping_status":"open","sticky":false,"template":"","format":"standard","meta":{"footnotes":""},"categories":[4,107],"tags":[156],"class_list":["post-725","post","type-post","status-publish","format-standard","hentry","category-longerich","category-niehl","tag-stromausfall"],"_links":{"self":[{"href":"https:\/\/www.koeln-lunke.de\/wordpress\/wp-json\/wp\/v2\/posts\/725","targetHints":{"allow":["GET"]}}],"collection":[{"href":"https:\/\/www.koeln-lunke.de\/wordpress\/wp-json\/wp\/v2\/posts"}],"about":[{"href":"https:\/\/www.koeln-lunke.de\/wordpress\/wp-json\/wp\/v2\/types\/post"}],"author":[{"embeddable":true,"href":"https:\/\/www.koeln-lunke.de\/wordpress\/wp-json\/wp\/v2\/users\/1"}],"replies":[{"embeddable":true,"href":"https:\/\/www.koeln-lunke.de\/wordpress\/wp-json\/wp\/v2\/comments?post=725"}],"version-history":[{"count":5,"href":"https:\/\/www.koeln-lunke.de\/wordpress\/wp-json\/wp\/v2\/posts\/725\/revisions"}],"predecessor-version":[{"id":731,"href":"https:\/\/www.koeln-lunke.de\/wordpress\/wp-json\/wp\/v2\/posts\/725\/revisions\/731"}],"wp:attachment":[{"href":"https:\/\/www.koeln-lunke.de\/wordpress\/wp-json\/wp\/v2\/media?parent=725"}],"wp:term":[{"taxonomy":"category","embeddable":true,"href":"https:\/\/www.koeln-lunke.de\/wordpress\/wp-json\/wp\/v2\/categories?post=725"},{"taxonomy":"post_tag","embeddable":true,"href":"https:\/\/www.koeln-lunke.de\/wordpress\/wp-json\/wp\/v2\/tags?post=725"}],"curies":[{"name":"wp","href":"https:\/\/api.w.org\/{rel}","templated":true}]}}