{"id":947,"date":"2024-04-05T07:42:29","date_gmt":"2024-04-05T06:42:29","guid":{"rendered":"https:\/\/www.koeln-lunke.de\/wordpress\/?p=947"},"modified":"2024-04-05T07:42:29","modified_gmt":"2024-04-05T06:42:29","slug":"buergerverein-longerich-laedt-zum-stammtisch","status":"publish","type":"post","link":"https:\/\/www.koeln-lunke.de\/wordpress\/2024\/04\/buergerverein-longerich-laedt-zum-stammtisch.html","title":{"rendered":"B\u00fcrgerverein Longerich l\u00e4dt zum Stammtisch"},"content":{"rendered":"<div id=\"koeln-1632122482\" class=\"koeln-vor-dem-inhalt koeln-entity-placement\" style=\"margin-top: 2px;margin-bottom: 5px;\"><div class=\"koeln-adlabel\">Werbung<\/div><script async src=\"\/\/pagead2.googlesyndication.com\/pagead\/js\/adsbygoogle.js?client=ca-pub-8010464134132480\" crossorigin=\"anonymous\"><\/script><ins class=\"adsbygoogle\" style=\"display:block;\" data-ad-client=\"ca-pub-8010464134132480\" \ndata-ad-slot=\"4020926907\" \ndata-ad-format=\"auto\"><\/ins>\n<script> \n(adsbygoogle = window.adsbygoogle || []).push({}); \n<\/script>\n<\/div><p>Der Longericher B\u00fcrgerverein l\u00e4dt am 9.04.2024 um 18 Uhr zu seinem neu eingerichteten Stammtisch. Der &#8222;Lunker Treff&#8220; soll ab sofort regelm\u00e4\u00dfig an jedem zweiten Dienstag je Quartal durchgef\u00fchrt werden. <\/p>\n<p>Die n\u00e4chsten Termine w\u00e4ren dann also am 9.07.2024 und danach noch einmal am 8.10.2024.<\/p>\n<p>Ort des zumindest ersten Stammtischs ist das Lokal <strong>La Rossini<\/strong> in der ehemaligen Post an der Haltestelle Herforderstra\u00dfe.<\/p>\n<p>Da wollen wir mal hoffen, da\u00df nicht zu viele kommen, der Platz ist begrenzt \ud83d\ude09<\/p>\n<p>Quelle: ksta 04.04.2024<\/p>\n","protected":false},"excerpt":{"rendered":"<p>Der Longericher B\u00fcrgerverein l\u00e4dt am 9.04.2024 um 18 Uhr zu seinem neu eingerichteten Stammtisch. Der &#8222;Lunker Treff&#8220; soll ab sofort regelm\u00e4\u00dfig an jedem zweiten Dienstag je Quartal durchgef\u00fchrt werden. Die n\u00e4chsten Termine w\u00e4ren dann also am 9.07.2024 und danach noch einmal am 8.10.2024. Ort des zumindest ersten Stammtischs ist das Lokal La Rossini in der ehemaligen Post an der Haltestelle Herforderstra\u00dfe. Da wollen wir mal hoffen, da\u00df nicht zu viele kommen, der Platz ist begrenzt \ud83d\ude09 Quelle: ksta 04.04.2024<\/p>\n","protected":false},"author":1,"featured_media":0,"comment_status":"open","ping_status":"open","sticky":false,"template":"","format":"standard","meta":{"footnotes":""},"categories":[4],"tags":[84,155,181,50],"class_list":["post-947","post","type-post","status-publish","format-standard","hentry","category-longerich","tag-buergerverein-longerich","tag-la-rossini","tag-stammtisch","tag-termine"],"_links":{"self":[{"href":"https:\/\/www.koeln-lunke.de\/wordpress\/wp-json\/wp\/v2\/posts\/947","targetHints":{"allow":["GET"]}}],"collection":[{"href":"https:\/\/www.koeln-lunke.de\/wordpress\/wp-json\/wp\/v2\/posts"}],"about":[{"href":"https:\/\/www.koeln-lunke.de\/wordpress\/wp-json\/wp\/v2\/types\/post"}],"author":[{"embeddable":true,"href":"https:\/\/www.koeln-lunke.de\/wordpress\/wp-json\/wp\/v2\/users\/1"}],"replies":[{"embeddable":true,"href":"https:\/\/www.koeln-lunke.de\/wordpress\/wp-json\/wp\/v2\/comments?post=947"}],"version-history":[{"count":2,"href":"https:\/\/www.koeln-lunke.de\/wordpress\/wp-json\/wp\/v2\/posts\/947\/revisions"}],"predecessor-version":[{"id":949,"href":"https:\/\/www.koeln-lunke.de\/wordpress\/wp-json\/wp\/v2\/posts\/947\/revisions\/949"}],"wp:attachment":[{"href":"https:\/\/www.koeln-lunke.de\/wordpress\/wp-json\/wp\/v2\/media?parent=947"}],"wp:term":[{"taxonomy":"category","embeddable":true,"href":"https:\/\/www.koeln-lunke.de\/wordpress\/wp-json\/wp\/v2\/categories?post=947"},{"taxonomy":"post_tag","embeddable":true,"href":"https:\/\/www.koeln-lunke.de\/wordpress\/wp-json\/wp\/v2\/tags?post=947"}],"curies":[{"name":"wp","href":"https:\/\/api.w.org\/{rel}","templated":true}]}}