{"id":957,"date":"2024-04-19T07:58:16","date_gmt":"2024-04-19T06:58:16","guid":{"rendered":"https:\/\/www.koeln-lunke.de\/wordpress\/?p=957"},"modified":"2024-05-14T14:12:10","modified_gmt":"2024-05-14T13:12:10","slug":"cologne-classics-2024","status":"publish","type":"post","link":"https:\/\/www.koeln-lunke.de\/wordpress\/2024\/04\/cologne-classics-2024.html","title":{"rendered":"Cologne Classics 2024"},"content":{"rendered":"<div id=\"koeln-2379733799\" class=\"koeln-vor-dem-inhalt koeln-entity-placement\" style=\"margin-top: 2px;margin-bottom: 5px;\"><div class=\"koeln-adlabel\">Werbung<\/div><script async src=\"\/\/pagead2.googlesyndication.com\/pagead\/js\/adsbygoogle.js?client=ca-pub-8010464134132480\" crossorigin=\"anonymous\"><\/script><ins class=\"adsbygoogle\" style=\"display:block;\" data-ad-client=\"ca-pub-8010464134132480\" \ndata-ad-slot=\"4020926907\" \ndata-ad-format=\"auto\"><\/ins>\n<script> \n(adsbygoogle = window.adsbygoogle || []).push({}); \n<\/script>\n<\/div><p><img loading=\"lazy\" decoding=\"async\" src=\"https:\/\/www.koeln-lunke.de\/wordpress\/wp-content\/uploads\/2024\/04\/frog-1701075_640-300x200.jpg\" alt=\"Mit dem Rad fahren\" width=\"300\" height=\"200\" class=\"alignright size-medium wp-image-960\" srcset=\"https:\/\/www.koeln-lunke.de\/wordpress\/wp-content\/uploads\/2024\/04\/frog-1701075_640-300x200.jpg 300w, https:\/\/www.koeln-lunke.de\/wordpress\/wp-content\/uploads\/2024\/04\/frog-1701075_640.jpg 640w\" sizes=\"auto, (max-width: 300px) 100vw, 300px\" \/>Zu Pfingsten ist es wieder einmal soweit, die <strong>Cologne Classics<\/strong> werden in Longerich ausgetragen.<\/p>\n<p>Weitere Informationen und Anmeldung zu den verschiedenen Rennen unter <a href=\"http:\/\/cologneclassic.de\" rel=\"noopener\" target=\"_blank\">cologneclassic.de<\/a>.<\/p>\n<p>\u00dcbrigens, es ist das siebzigste Rennen, das erste fand 1952 statt. Wer nachrechnet, dem f\u00e4llt wohl was auf&#8230;Richtig, da war doch was, Corona oder so \u00e4hnlich.<\/p>\n","protected":false},"excerpt":{"rendered":"<p>Zu Pfingsten ist es wieder einmal soweit, die Cologne Classics werden in Longerich ausgetragen. Weitere Informationen und Anmeldung zu den verschiedenen Rennen unter cologneclassic.de. \u00dcbrigens, es ist das siebzigste Rennen, das erste fand 1952 statt. Wer nachrechnet, dem f\u00e4llt wohl was auf&#8230;Richtig, da war doch was, Corona oder so \u00e4hnlich.<\/p>\n","protected":false},"author":1,"featured_media":0,"comment_status":"open","ping_status":"open","sticky":false,"template":"","format":"standard","meta":{"footnotes":""},"categories":[4],"tags":[183,136,78],"class_list":["post-957","post","type-post","status-publish","format-standard","hentry","category-longerich","tag-cologne-classics","tag-fahrradfahren","tag-longerich"],"_links":{"self":[{"href":"https:\/\/www.koeln-lunke.de\/wordpress\/wp-json\/wp\/v2\/posts\/957","targetHints":{"allow":["GET"]}}],"collection":[{"href":"https:\/\/www.koeln-lunke.de\/wordpress\/wp-json\/wp\/v2\/posts"}],"about":[{"href":"https:\/\/www.koeln-lunke.de\/wordpress\/wp-json\/wp\/v2\/types\/post"}],"author":[{"embeddable":true,"href":"https:\/\/www.koeln-lunke.de\/wordpress\/wp-json\/wp\/v2\/users\/1"}],"replies":[{"embeddable":true,"href":"https:\/\/www.koeln-lunke.de\/wordpress\/wp-json\/wp\/v2\/comments?post=957"}],"version-history":[{"count":6,"href":"https:\/\/www.koeln-lunke.de\/wordpress\/wp-json\/wp\/v2\/posts\/957\/revisions"}],"predecessor-version":[{"id":975,"href":"https:\/\/www.koeln-lunke.de\/wordpress\/wp-json\/wp\/v2\/posts\/957\/revisions\/975"}],"wp:attachment":[{"href":"https:\/\/www.koeln-lunke.de\/wordpress\/wp-json\/wp\/v2\/media?parent=957"}],"wp:term":[{"taxonomy":"category","embeddable":true,"href":"https:\/\/www.koeln-lunke.de\/wordpress\/wp-json\/wp\/v2\/categories?post=957"},{"taxonomy":"post_tag","embeddable":true,"href":"https:\/\/www.koeln-lunke.de\/wordpress\/wp-json\/wp\/v2\/tags?post=957"}],"curies":[{"name":"wp","href":"https:\/\/api.w.org\/{rel}","templated":true}]}}