{"id":966,"date":"2024-05-10T13:35:34","date_gmt":"2024-05-10T12:35:34","guid":{"rendered":"https:\/\/www.koeln-lunke.de\/wordpress\/?p=966"},"modified":"2024-05-10T13:35:34","modified_gmt":"2024-05-10T12:35:34","slug":"feuerwehrfest-in-longerich","status":"publish","type":"post","link":"https:\/\/www.koeln-lunke.de\/wordpress\/2024\/05\/feuerwehrfest-in-longerich.html","title":{"rendered":"Feuerwehrfest in Longerich"},"content":{"rendered":"<div id=\"koeln-2369639611\" class=\"koeln-vor-dem-inhalt koeln-entity-placement\" style=\"margin-top: 2px;margin-bottom: 5px;\"><div class=\"koeln-adlabel\">Werbung<\/div><script async src=\"\/\/pagead2.googlesyndication.com\/pagead\/js\/adsbygoogle.js?client=ca-pub-8010464134132480\" crossorigin=\"anonymous\"><\/script><ins class=\"adsbygoogle\" style=\"display:block;\" data-ad-client=\"ca-pub-8010464134132480\" \ndata-ad-slot=\"4020926907\" \ndata-ad-format=\"auto\"><\/ins>\n<script> \n(adsbygoogle = window.adsbygoogle || []).push({}); \n<\/script>\n<\/div><p>Auf dem Gel\u00e4nde an der Hugo-Junkers-Stra\u00dfe 56-60 veranstaltet die Feuerwehrl\u00f6schgruppe Longerich wieder ein Fest. Es gibt Feuerwehr\u00fcbungen, Kinderspiele, Kaffee und Kuchen und leckeres vom Grill.<\/p>\n<p>Los geht es am Samstag, den 25.05.2024 um 14 Uhr.<\/p>\n<p>Quelle: ksta 10.05.2024<\/p>\n","protected":false},"excerpt":{"rendered":"<p>Auf dem Gel\u00e4nde an der Hugo-Junkers-Stra\u00dfe 56-60 veranstaltet die Feuerwehrl\u00f6schgruppe Longerich wieder ein Fest. Es gibt Feuerwehr\u00fcbungen, Kinderspiele, Kaffee und Kuchen und leckeres vom Grill. Los geht es am Samstag, den 25.05.2024 um 14 Uhr. Quelle: ksta 10.05.2024<\/p>\n","protected":false},"author":1,"featured_media":0,"comment_status":"open","ping_status":"open","sticky":false,"template":"","format":"standard","meta":{"footnotes":""},"categories":[4],"tags":[25,50,54],"class_list":["post-966","post","type-post","status-publish","format-standard","hentry","category-longerich","tag-feuerwehr","tag-termine","tag-veranstaltungen"],"_links":{"self":[{"href":"https:\/\/www.koeln-lunke.de\/wordpress\/wp-json\/wp\/v2\/posts\/966","targetHints":{"allow":["GET"]}}],"collection":[{"href":"https:\/\/www.koeln-lunke.de\/wordpress\/wp-json\/wp\/v2\/posts"}],"about":[{"href":"https:\/\/www.koeln-lunke.de\/wordpress\/wp-json\/wp\/v2\/types\/post"}],"author":[{"embeddable":true,"href":"https:\/\/www.koeln-lunke.de\/wordpress\/wp-json\/wp\/v2\/users\/1"}],"replies":[{"embeddable":true,"href":"https:\/\/www.koeln-lunke.de\/wordpress\/wp-json\/wp\/v2\/comments?post=966"}],"version-history":[{"count":1,"href":"https:\/\/www.koeln-lunke.de\/wordpress\/wp-json\/wp\/v2\/posts\/966\/revisions"}],"predecessor-version":[{"id":967,"href":"https:\/\/www.koeln-lunke.de\/wordpress\/wp-json\/wp\/v2\/posts\/966\/revisions\/967"}],"wp:attachment":[{"href":"https:\/\/www.koeln-lunke.de\/wordpress\/wp-json\/wp\/v2\/media?parent=966"}],"wp:term":[{"taxonomy":"category","embeddable":true,"href":"https:\/\/www.koeln-lunke.de\/wordpress\/wp-json\/wp\/v2\/categories?post=966"},{"taxonomy":"post_tag","embeddable":true,"href":"https:\/\/www.koeln-lunke.de\/wordpress\/wp-json\/wp\/v2\/tags?post=966"}],"curies":[{"name":"wp","href":"https:\/\/api.w.org\/{rel}","templated":true}]}}