{"id":972,"date":"2024-05-14T14:10:03","date_gmt":"2024-05-14T13:10:03","guid":{"rendered":"https:\/\/www.koeln-lunke.de\/wordpress\/?p=972"},"modified":"2024-05-14T14:10:03","modified_gmt":"2024-05-14T13:10:03","slug":"cologne-classics-pfingsten","status":"publish","type":"post","link":"https:\/\/www.koeln-lunke.de\/wordpress\/2024\/05\/cologne-classics-pfingsten.html","title":{"rendered":"Cologne Classics Pfingsten"},"content":{"rendered":"<div id=\"koeln-4189565268\" class=\"koeln-vor-dem-inhalt koeln-entity-placement\" style=\"margin-top: 2px;margin-bottom: 5px;\"><div class=\"koeln-adlabel\">Werbung<\/div><script async src=\"\/\/pagead2.googlesyndication.com\/pagead\/js\/adsbygoogle.js?client=ca-pub-8010464134132480\" crossorigin=\"anonymous\"><\/script><ins class=\"adsbygoogle\" style=\"display:block;\" data-ad-client=\"ca-pub-8010464134132480\" \ndata-ad-slot=\"4020926907\" \ndata-ad-format=\"auto\"><\/ins>\n<script> \n(adsbygoogle = window.adsbygoogle || []).push({}); \n<\/script>\n<\/div><p><strong>Pressemitteilung<\/strong><\/p>\n<p><strong>Longerich<\/strong> &#8211; Sportlich auf zwei R\u00e4dern: Am Pfingstsonntag 19. Mai und am Pfingstmontag 20. Mai, starten in Alt Longerich wieder Radfahrer bei den &#8222;Cologne Classics&#8220;. Wie in den vergangenen Jahren erfolgreich erprobt, f\u00fchrt die Rennstrecke wieder \u00fcber die Longericher Hauptstra\u00dfe (Start und Ziel an der Kirche), dem Heckweg, Robert-Perthel-Stra\u00dfe, Lindweiler Weg zur\u00fcck auf die Longericher Hauptstra\u00dfe. <\/p>\n<p>F\u00fcr die Auf- und Abbauarbeiten muss die gesamte Rennstrecke ab Sonntag 8:00 Uhr bis Montag 20:00 Uhr gesperrt werden. Die Stra\u00dfenbereiche au\u00dferhalb der Rennstrecke werden so beschildert, dass eine Zu- und Anfahrt grunds\u00e4tzlich m\u00f6glich ist. Aus der gesamten Rennstrecke ist w\u00e4hrend der Rennen keine Ausfahrt m\u00f6glich. <\/p>\n<p>Es wird empfohlen, au\u00dferhalb der Strecke zu parken! Im Bereich der Rennstrecke sind Halteverbote eingerichtet. Autofahrer werden gebeten, die Halteverbote zu beachten, da die Strecke aus Sicherheitsgr\u00fcnden freigehalten werden muss. Gegebenenfalls m\u00fcssten Fahrzeuge abgeschleppt werden.<\/p>\n","protected":false},"excerpt":{"rendered":"<p>Pressemitteilung Longerich &#8211; Sportlich auf zwei R\u00e4dern: Am Pfingstsonntag 19. Mai und am Pfingstmontag 20. Mai, starten in Alt Longerich wieder Radfahrer bei den &#8222;Cologne Classics&#8220;. Wie in den vergangenen Jahren erfolgreich erprobt, f\u00fchrt die Rennstrecke wieder \u00fcber die Longericher Hauptstra\u00dfe (Start und Ziel an der Kirche), dem Heckweg, Robert-Perthel-Stra\u00dfe, Lindweiler Weg zur\u00fcck auf die Longericher Hauptstra\u00dfe. F\u00fcr die Auf- und Abbauarbeiten muss die gesamte Rennstrecke ab Sonntag 8:00 Uhr bis Montag 20:00 Uhr gesperrt werden. Die Stra\u00dfenbereiche au\u00dferhalb der<\/p>\n","protected":false},"author":1,"featured_media":0,"comment_status":"open","ping_status":"open","sticky":false,"template":"","format":"standard","meta":{"footnotes":""},"categories":[4],"tags":[183,186],"class_list":["post-972","post","type-post","status-publish","format-standard","hentry","category-longerich","tag-cologne-classics","tag-pressemitteilungen"],"_links":{"self":[{"href":"https:\/\/www.koeln-lunke.de\/wordpress\/wp-json\/wp\/v2\/posts\/972","targetHints":{"allow":["GET"]}}],"collection":[{"href":"https:\/\/www.koeln-lunke.de\/wordpress\/wp-json\/wp\/v2\/posts"}],"about":[{"href":"https:\/\/www.koeln-lunke.de\/wordpress\/wp-json\/wp\/v2\/types\/post"}],"author":[{"embeddable":true,"href":"https:\/\/www.koeln-lunke.de\/wordpress\/wp-json\/wp\/v2\/users\/1"}],"replies":[{"embeddable":true,"href":"https:\/\/www.koeln-lunke.de\/wordpress\/wp-json\/wp\/v2\/comments?post=972"}],"version-history":[{"count":2,"href":"https:\/\/www.koeln-lunke.de\/wordpress\/wp-json\/wp\/v2\/posts\/972\/revisions"}],"predecessor-version":[{"id":974,"href":"https:\/\/www.koeln-lunke.de\/wordpress\/wp-json\/wp\/v2\/posts\/972\/revisions\/974"}],"wp:attachment":[{"href":"https:\/\/www.koeln-lunke.de\/wordpress\/wp-json\/wp\/v2\/media?parent=972"}],"wp:term":[{"taxonomy":"category","embeddable":true,"href":"https:\/\/www.koeln-lunke.de\/wordpress\/wp-json\/wp\/v2\/categories?post=972"},{"taxonomy":"post_tag","embeddable":true,"href":"https:\/\/www.koeln-lunke.de\/wordpress\/wp-json\/wp\/v2\/tags?post=972"}],"curies":[{"name":"wp","href":"https:\/\/api.w.org\/{rel}","templated":true}]}}