{"id":978,"date":"2024-05-17T07:46:39","date_gmt":"2024-05-17T06:46:39","guid":{"rendered":"https:\/\/www.koeln-lunke.de\/wordpress\/?p=978"},"modified":"2024-05-17T07:46:39","modified_gmt":"2024-05-17T06:46:39","slug":"cologne-classics-ii-2024","status":"publish","type":"post","link":"https:\/\/www.koeln-lunke.de\/wordpress\/2024\/05\/cologne-classics-ii-2024.html","title":{"rendered":"Cologne Classics II &#8211; 2024"},"content":{"rendered":"<div id=\"koeln-3420017929\" class=\"koeln-vor-dem-inhalt koeln-entity-placement\" style=\"margin-top: 2px;margin-bottom: 5px;\"><div class=\"koeln-adlabel\">Werbung<\/div><script async src=\"\/\/pagead2.googlesyndication.com\/pagead\/js\/adsbygoogle.js?client=ca-pub-8010464134132480\" crossorigin=\"anonymous\"><\/script><ins class=\"adsbygoogle\" style=\"display:block;\" data-ad-client=\"ca-pub-8010464134132480\" \ndata-ad-slot=\"4020926907\" \ndata-ad-format=\"auto\"><\/ins>\n<script> \n(adsbygoogle = window.adsbygoogle || []).push({}); \n<\/script>\n<\/div><p><strong>Pressemitteilung<\/strong><\/p>\n<p><strong>Longerich<\/strong> &#8211;  Im Rahmen des Radrennens &#8222;Cologne Classic&#8220; findet zum zweiten Mal auch ein Kinder- und B\u00fcrgerfest rund um den Kriegerplatz am Sonntag, den 19. Mai und Montag, den 20. Mai in Longerich statt.<\/p>\n<p>In Zusammenarbeit mit der freiwilligen Feuerwehr aus Longerich und dem Lino Club aus Lindweiler sind folgende B\u00fchnenacts geplant:<\/p>\n<p>Sonntag: Auftritt der &#8222;Lunker M\u00fc\u00fcs&#8220; und des Musikduos 48\/12<br \/>\nMontag: Auftritt der Tanzschule Belladanza &#8211; Musikduo 48\/12 &#8211; Clown Olli &#8211;  Ententanz mit Daisy &#038; Donald Duck<\/p>\n<p>Am Montag wird ab 12:00 Uhr die niederl\u00e4ndische Musikkapelle &#8222;JOEKSKEPEL SOKKERPAEK&#8220; das Fest musikalisch begleiten. <\/p>\n<p>Auf dem Kriegerplatz gibt es an beiden Tagen auch eine kleine Kirmes mit Dosen werfen, Entenangeln, kleinem Kinderkarussell&#8230;<\/p>\n<p>Die Kulinarik darf nat\u00fcrlich auch nicht zu kurz kommen. Neben der ber\u00fchmten Rennbratwurst gibt es auch Pommes, Reibekuchen, Streetfood und diverse Kaltgetr\u00e4nke. F\u00fcr Kaffee und Kuchen ist ebenfalls gesorgt.<\/p>\n","protected":false},"excerpt":{"rendered":"<p>Pressemitteilung Longerich &#8211; Im Rahmen des Radrennens &#8222;Cologne Classic&#8220; findet zum zweiten Mal auch ein Kinder- und B\u00fcrgerfest rund um den Kriegerplatz am Sonntag, den 19. Mai und Montag, den 20. Mai in Longerich statt. In Zusammenarbeit mit der freiwilligen Feuerwehr aus Longerich und dem Lino Club aus Lindweiler sind folgende B\u00fchnenacts geplant: Sonntag: Auftritt der &#8222;Lunker M\u00fc\u00fcs&#8220; und des Musikduos 48\/12 Montag: Auftritt der Tanzschule Belladanza &#8211; Musikduo 48\/12 &#8211; Clown Olli &#8211; Ententanz mit Daisy &#038; Donald Duck<\/p>\n","protected":false},"author":1,"featured_media":0,"comment_status":"open","ping_status":"open","sticky":false,"template":"","format":"standard","meta":{"footnotes":""},"categories":[4],"tags":[183,186,50],"class_list":["post-978","post","type-post","status-publish","format-standard","hentry","category-longerich","tag-cologne-classics","tag-pressemitteilungen","tag-termine"],"_links":{"self":[{"href":"https:\/\/www.koeln-lunke.de\/wordpress\/wp-json\/wp\/v2\/posts\/978","targetHints":{"allow":["GET"]}}],"collection":[{"href":"https:\/\/www.koeln-lunke.de\/wordpress\/wp-json\/wp\/v2\/posts"}],"about":[{"href":"https:\/\/www.koeln-lunke.de\/wordpress\/wp-json\/wp\/v2\/types\/post"}],"author":[{"embeddable":true,"href":"https:\/\/www.koeln-lunke.de\/wordpress\/wp-json\/wp\/v2\/users\/1"}],"replies":[{"embeddable":true,"href":"https:\/\/www.koeln-lunke.de\/wordpress\/wp-json\/wp\/v2\/comments?post=978"}],"version-history":[{"count":4,"href":"https:\/\/www.koeln-lunke.de\/wordpress\/wp-json\/wp\/v2\/posts\/978\/revisions"}],"predecessor-version":[{"id":982,"href":"https:\/\/www.koeln-lunke.de\/wordpress\/wp-json\/wp\/v2\/posts\/978\/revisions\/982"}],"wp:attachment":[{"href":"https:\/\/www.koeln-lunke.de\/wordpress\/wp-json\/wp\/v2\/media?parent=978"}],"wp:term":[{"taxonomy":"category","embeddable":true,"href":"https:\/\/www.koeln-lunke.de\/wordpress\/wp-json\/wp\/v2\/categories?post=978"},{"taxonomy":"post_tag","embeddable":true,"href":"https:\/\/www.koeln-lunke.de\/wordpress\/wp-json\/wp\/v2\/tags?post=978"}],"curies":[{"name":"wp","href":"https:\/\/api.w.org\/{rel}","templated":true}]}}