{"id":983,"date":"2024-05-18T07:47:56","date_gmt":"2024-05-18T06:47:56","guid":{"rendered":"https:\/\/www.koeln-lunke.de\/wordpress\/?p=983"},"modified":"2024-05-17T08:02:03","modified_gmt":"2024-05-17T07:02:03","slug":"cologne-classic-iii-2024","status":"publish","type":"post","link":"https:\/\/www.koeln-lunke.de\/wordpress\/2024\/05\/cologne-classic-iii-2024.html","title":{"rendered":"Cologne Classic III &#8211; 2024"},"content":{"rendered":"<div id=\"koeln-2034848072\" class=\"koeln-vor-dem-inhalt koeln-entity-placement\" style=\"margin-top: 2px;margin-bottom: 5px;\"><div class=\"koeln-adlabel\">Werbung<\/div><script async src=\"\/\/pagead2.googlesyndication.com\/pagead\/js\/adsbygoogle.js?client=ca-pub-8010464134132480\" crossorigin=\"anonymous\"><\/script><ins class=\"adsbygoogle\" style=\"display:block;\" data-ad-client=\"ca-pub-8010464134132480\" \ndata-ad-slot=\"4020926907\" \ndata-ad-format=\"auto\"><\/ins>\n<script> \n(adsbygoogle = window.adsbygoogle || []).push({}); \n<\/script>\n<\/div><p><strong>Pressemitteilung<\/strong><\/p>\n<p><strong>Longerich<\/strong> &#8211; Am Pfingstwochenende geht es wieder rund in K\u00f6ln-Longerich. Der Cologne Cycling Club veranstaltet bereits zum 70. Mal sein internationales Radrennen Cologne Classic in Longerich.<\/p>\n<p>Das Programm, der Zuschauerzuspruch und die ganze Atmosph\u00e4re machen die Veranstaltung zu einem Event, das seinesgleichen sucht und zu einem wichtigen Baustein in der Landschaft der herausragenden K\u00f6lner Sportveranstaltungen geworden ist. Die Sieger der vergangenen Austragungen hei\u00dfen u.a. Jens Heppner, Andreas Kappes, Marcel W\u00fcst und Andr\u00e9 Greipel.<\/p>\n<p>Los geht es Pfingstsonntag um 11:30 Uhr auf der Longericher Hauptstra\u00dfe mit einem Rennen f\u00fcr Inlineskater, es folgen weitere 10 Radrennen in verschiedenen Altersklassen. Neu im Programm ist der <em>JECK Cup<\/em>, ein Radrennen f\u00fcr Mitglieder des Festkomitees des K\u00f6lner Karneval.<\/p>\n<p>Am Pfingstmontag geht es bereits um 9 Uhr los. 14 Rennen stehen auf dem Programm. Das Rennen der Profis mit dem Vorjahrssieger Tim Torn Teutenberg (Team LIDL TREK) startet um 15:45 Uhr und f\u00fchrt \u00fcber eine Distanz von 101,2 Kilometern. Teutenberg gewann in diesem Fr\u00fchjahr Paris Roubaix in der Klasse Espoirs (U23). Der mehrfache Deutsche- und Europameister freut sich wie in jedem Jahr in Longerich an den Start zu gehen, er bezeichnet das Rennen als sein Heimatrennen.<\/p>\n<p>Um den internationalen Charakter des Profirennens zu gew\u00e4hren, wurden Fahrer aus Belgien,  Luxemburg, den Niederlanden und aus Tschechien eingeladen.<\/p>\n<p>Bei den Frauenrennen geht die Olympiasiegerin von 2021 und mehrfache Deutsche-, Europa- und Weltmeisterin Mike Kr\u00f6ger aus Bielefeld an den Start, sie ist die Topfavoritin.<\/p>\n<p>F\u00fcr die sportliche Leitung bei den Cologne Classic ist die ehemalige Radrennfahrerin, Frau Gina Haatz-Becker aus Longerich, verantwortlich. F\u00fcr die Gesamtorganisation ist der in Longerich geborene Belgier Gino Baudrie verantwortlich.<\/p>\n<p>Im Anhang das offizielle Plakat f\u00fcr die Cologne Classic 2024: <a href=\"https:\/\/www.koeln-lunke.de\/wordpress\/wp-content\/uploads\/2024\/05\/DRUCK_2024-Plakat_CologneClassic_300320241.pdf\">Plakat Cologne Classic 2024<\/a><\/p>\n<p>und der Veranstaltungsplan: <a href=\"https:\/\/www.koeln-lunke.de\/wordpress\/wp-content\/uploads\/2024\/05\/DRUCK_Flyer_CC2024_.pdf\">Cologne Classic 2024<\/a>.<\/p>\n","protected":false},"excerpt":{"rendered":"<p>Pressemitteilung Longerich &#8211; Am Pfingstwochenende geht es wieder rund in K\u00f6ln-Longerich. Der Cologne Cycling Club veranstaltet bereits zum 70. Mal sein internationales Radrennen Cologne Classic in Longerich. Das Programm, der Zuschauerzuspruch und die ganze Atmosph\u00e4re machen die Veranstaltung zu einem Event, das seinesgleichen sucht und zu einem wichtigen Baustein in der Landschaft der herausragenden K\u00f6lner Sportveranstaltungen geworden ist. Die Sieger der vergangenen Austragungen hei\u00dfen u.a. Jens Heppner, Andreas Kappes, Marcel W\u00fcst und Andr\u00e9 Greipel. Los geht es Pfingstsonntag um 11:30<\/p>\n","protected":false},"author":1,"featured_media":0,"comment_status":"open","ping_status":"open","sticky":false,"template":"","format":"standard","meta":{"footnotes":""},"categories":[4],"tags":[183,186],"class_list":["post-983","post","type-post","status-publish","format-standard","hentry","category-longerich","tag-cologne-classics","tag-pressemitteilungen"],"_links":{"self":[{"href":"https:\/\/www.koeln-lunke.de\/wordpress\/wp-json\/wp\/v2\/posts\/983","targetHints":{"allow":["GET"]}}],"collection":[{"href":"https:\/\/www.koeln-lunke.de\/wordpress\/wp-json\/wp\/v2\/posts"}],"about":[{"href":"https:\/\/www.koeln-lunke.de\/wordpress\/wp-json\/wp\/v2\/types\/post"}],"author":[{"embeddable":true,"href":"https:\/\/www.koeln-lunke.de\/wordpress\/wp-json\/wp\/v2\/users\/1"}],"replies":[{"embeddable":true,"href":"https:\/\/www.koeln-lunke.de\/wordpress\/wp-json\/wp\/v2\/comments?post=983"}],"version-history":[{"count":7,"href":"https:\/\/www.koeln-lunke.de\/wordpress\/wp-json\/wp\/v2\/posts\/983\/revisions"}],"predecessor-version":[{"id":992,"href":"https:\/\/www.koeln-lunke.de\/wordpress\/wp-json\/wp\/v2\/posts\/983\/revisions\/992"}],"wp:attachment":[{"href":"https:\/\/www.koeln-lunke.de\/wordpress\/wp-json\/wp\/v2\/media?parent=983"}],"wp:term":[{"taxonomy":"category","embeddable":true,"href":"https:\/\/www.koeln-lunke.de\/wordpress\/wp-json\/wp\/v2\/categories?post=983"},{"taxonomy":"post_tag","embeddable":true,"href":"https:\/\/www.koeln-lunke.de\/wordpress\/wp-json\/wp\/v2\/tags?post=983"}],"curies":[{"name":"wp","href":"https:\/\/api.w.org\/{rel}","templated":true}]}}